{"id":6623,"date":"2023-05-09T08:54:11","date_gmt":"2023-05-09T06:54:11","guid":{"rendered":"https:\/\/kalmarslott.se\/?p=6623"},"modified":"2024-11-26T09:55:31","modified_gmt":"2024-11-26T07:55:31","slug":"kungligt-besok-firas-med-historisk-salut","status":"publish","type":"post","link":"https:\/\/kalmarslott.se\/en\/nyheter\/kungligt-besok-firas-med-historisk-salut\/","title":{"rendered":"Kungligt bes\u00f6k firas med historisk salut!"},"content":{"rendered":"<p><strong>Den 16 maj bes\u00f6ker Kungaparet Kalmar l\u00e4n med anledning av jubileums\u00e5ret, d\u00e5 H.M. Konungen firar 50 \u00e5r som kung. Vid bes\u00f6ket p\u00e5 Kalmar Slott kommer den kungliga saluten att avfyras med 21 skott.<\/strong><\/p>\n<p><strong>\u2013 Det blir en historisk h\u00e4ndelse. Kalmar Slott och stad \u00e4r en plats d\u00e4r salut har skjutits under hundratals \u00e5r, men traditionen upph\u00f6rde i slutet av 1800-talet. Nu \u00e4r det dags igen, f\u00f6r att hylla Sveriges l\u00e4ngst regerande monark, s\u00e4ger slottschef Meg N\u00f6mg\u00e5rd. <\/strong><\/p>\n<p>Redan p\u00e5 1600-talet b\u00f6rjade F\u00f6rsvarsmakten skjuta salut f\u00f6r att p\u00e5 ett st\u00e5tligt s\u00e4tt fira dignit\u00e4rer och nationella bem\u00e4rkelsedagar. Att skjuta salut har en fredlig historia bakom sig. Det var n\u00e4mligen s\u00e5 att \u00d6rlogsskeppen t\u00f6mde sina skott innan de anl\u00f6pte en fr\u00e4mmande hamn, f\u00f6r att visa sin fredliga avsikt med bes\u00f6ket.<\/p>\n<p>21 skott var den internationella seden att skjuta. Om skeppen ville visa vilket land de kom fr\u00e5n, s\u00e5 sk\u00f6t svenska fartyg tv\u00e5 skott i snabb f\u00f6ljd, s\u00e5 kallad \u201dsvensk l\u00f6sen\u201d. Var kungen med p\u00e5 skeppet sk\u00f6ts dubbel l\u00f6sen, vilket \u00e4r grunden till v\u00e5rt fyrfaldiga leve. Med tiden har salutskjutning blivit en v\u00e4lk\u00e4nd v\u00e4lkomsth\u00e4lsning till kungligheter som bes\u00f6ker Sverige och vid firandet av f\u00f6delsedagar och namnsdagar f\u00f6r framf\u00f6r allt regenter och tronf\u00f6ljare.<\/p>\n<p>\u2013 Vi tycker att det \u00e4r v\u00e4ldigt fint och roligt att vi p\u00e5 detta s\u00e4tt f\u00e5r m\u00f6jlighet att h\u00f6ra historiens vingslag och vilken dag kan vara mer passade \u00e4n n\u00e4r Kungen kommer p\u00e5 bes\u00f6k, s\u00e4ger Meg N\u00f6mg\u00e5rd.<\/p>\n<p>Saluten skjuts fr\u00e5n Kalmar Slott av F\u00f6rsvarsmakten och den avges av hemv\u00e4rnsm\u00e4n ur Elfsborgsgruppen i G\u00f6teborg. De kommer att anv\u00e4nda armens7,5 cm kanon och avfyra salutskott. Saluten kommer att skjutas n\u00e4r Kungaparet anl\u00e4nder till Kalmar Slott, vilket ber\u00e4knas ske cirka kl. 14.20. Det kommer att ta drygt 2 minuter.<\/p>\n<p><strong>Jubileumsprogram p\u00e5 Kalmar Slott 16 maj<\/strong><strong><br \/>\n<\/strong>Kl. 14.20: Kungaparet anl\u00e4nder till Kalmar Slott \u2013 Salutskjutning sker<\/p>\n<p>Kl. 14.30\u201315.20: Program p\u00e5 inre Borgg\u00e5rden<br \/>\nVernissage f\u00f6r fotoutst\u00e4llningen \u201d50 \u00e5r f\u00f6r Sverige\u201d. Ensemble Mare Balticum spelar ren\u00e4ssansmusik, Brickmakers slott i lego finns att se.<\/p>\n<p>Kl. 15.20: Kungaparet l\u00e4mnar Kalmar Slott och utst\u00e4llningen \u00f6ppnar f\u00f6r allm\u00e4nheten.<\/p>\n<p>Vi rekommenderar er att vara p\u00e5 plats p\u00e5 slottet senast kl. 14.15. F\u00f6r den intresserade finns det m\u00f6jlighet att komma fram och bes\u00f6ka milit\u00e4rerna och se p\u00e5 kanonerna. Det b\u00f6r ske i god tid f\u00f6re salutskjutningen eller efter\u00e5t.<\/p>\n<p><em><strong>Viktig information!<\/strong> Under de drygt tv\u00e5 minuter som saluten skjuts undanber vi oss kanotister\/b\u00e5tar i Slottsfj\u00e4rden. Skottr\u00e4dda hundar b\u00f6r ej ta en promenad i Stadsparken just vid detta klockslag.<\/em><\/p>\n<p><strong>F\u00f6r mer information om salutens historia:<\/strong><strong><br \/>\n<\/strong><a href=\"https:\/\/postman.mynewsdesk.com\/ls\/click?upn=UTJtAJtLb0PO5ulvNdQq0RD4wJSCnDzgEr45oF-2F919cHfiiXb2HGgd2MEXksGZVazrLagFiXScSf8TfNKU4H516SKOQE788yfsRDaVpeegJk0BFBNinIo2TW3aoF41XvFRL2_gw7-2BenseNTdcUU-2Fz8sdx26gsA1f-2FrEdmk7mNp9-2BNP1VXmVkSb-2Bn7kPn8o4R88jiHA3IUcI4ykBZC8jFHOQus2fGWMEEaMG8w1j6XyiG6GzYg7hZWg9lpI65Vp4xlNFw-2BK2cjDqtbrVNkpjhsvT9lklNyI7yOrLVZOhKyTJCOmqAoAmxHmDgP-2BqO4NkoO569sfZMG9BvhnBPF9rql7zAvugWOo50FmBHuIHzKKZIETrVhqiWl-2FHTBjJCDSQtDSiRRVwoEzBPGYkfnAqTs22jV-2FbOY1O-2FMA91Y7ASBmzYUMf8RW4bK-2BthjJrDS6xQQWHZewZrsagfmzn9nH0Q-2BSV-2BM0M2MWkOHK1qtZIemTGcqx9w6MEeiV-2B3THluwsK-2FnrE1Qij-2F5Zg5eCF51-2F8sSmO77uYSU6ez90stZNoeb7ysAfv1VGK0Oq1XAJJXkbpnDUhgR\">https:\/\/www.forsvarsmakten.se\/sv\/var-verksamhet\/publik-verksamhet\/skjuta-salut\/<\/a><\/p>\n<p><strong>Kungahusets bildbank f\u00f6r pressbilder:<\/strong><br \/>\n<a href=\"https:\/\/postman.mynewsdesk.com\/ls\/click?upn=UTJtAJtLb0PO5ulvNdQq0T149qprHV7GlVz3PO8ohPO8scGLbcgdsys7-2Bgd71YVfS89fodFhI0Az-2FJONrjvWKg-3D-3DAWfT_gw7-2BenseNTdcUU-2Fz8sdx26gsA1f-2FrEdmk7mNp9-2BNP1VXmVkSb-2Bn7kPn8o4R88jiHA3IUcI4ykBZC8jFHOQus2fGWMEEaMG8w1j6XyiG6GzYg7hZWg9lpI65Vp4xlNFw-2BK2cjDqtbrVNkpjhsvT9lklNyI7yOrLVZOhKyTJCOmqAoAmxHmDgP-2BqO4NkoO569sfZMG9BvhnBPF9rql7zAvugWOo50FmBHuIHzKKZIETrWPyQk3SdA-2B5GSUc8YBs0UOMq6ObtrSFXQphQA0syJFEgzbToLIqSTVftrSMmhpfpLTaUC6sAqUn2E6AtX9JztD6XoSJbg4dzfQonxxhQLkbIwF-2F8O8RcJtMTVzMrA6QPg4juEnVsORwOUbrJnN0VouGVxX3lLjTfe9zjSFhoIkKZNQ75R-2BTskklY68xCEvIQJ9S-2BjoYWwo7qWjoW9AwhZU\">https:\/\/www.kungahuset.se\/mediecenter\/pressbilder<\/a><\/p>\n","protected":false},"excerpt":{"rendered":"<p>Den 16 maj bes\u00f6ker Kungaparet Kalmar l\u00e4n med anledning av jubileums\u00e5ret, d\u00e5 H.M. Konungen firar 50 \u00e5r som kung. Vid bes\u00f6ket p\u00e5 Kalmar Slott kommer den kungliga saluten att avfyras med 21 skott. \u2013 Det blir en historisk h\u00e4ndelse. Kalmar Slott och stad \u00e4r en plats d\u00e4r salut har skjutits under hundratals \u00e5r, men traditionen [&hellip;]<\/p>\n","protected":false},"author":1,"featured_media":6308,"comment_status":"open","ping_status":"open","sticky":false,"template":"","format":"standard","meta":{"_acf_changed":false,"footnotes":""},"categories":[1],"tags":[],"class_list":["post-6623","post","type-post","status-publish","format-standard","has-post-thumbnail","hentry","category-nyheter"],"acf":[],"yoast_head":"<!-- This site is optimized with the Yoast SEO plugin v27.5 - https:\/\/yoast.com\/product\/yoast-seo-wordpress\/ -->\n<title>Kungligt bes\u00f6k firas med historisk salut! - Kalmar Slott<\/title>\n<meta name=\"robots\" content=\"index, follow, max-snippet:-1, max-image-preview:large, max-video-preview:-1\" \/>\n<link rel=\"canonical\" href=\"https:\/\/kalmarslott.se\/en\/nyheter\/kungligt-besok-firas-med-historisk-salut\/\" \/>\n<meta property=\"og:locale\" content=\"en_US\" \/>\n<meta property=\"og:type\" content=\"article\" \/>\n<meta property=\"og:title\" content=\"Kungligt bes\u00f6k firas med historisk salut! - Kalmar Slott\" \/>\n<meta property=\"og:description\" content=\"Den 16 maj bes\u00f6ker Kungaparet Kalmar l\u00e4n med anledning av jubileums\u00e5ret, d\u00e5 H.M. Konungen firar 50 \u00e5r som kung. Vid bes\u00f6ket p\u00e5 Kalmar Slott kommer den kungliga saluten att avfyras med 21 skott. \u2013 Det blir en historisk h\u00e4ndelse. Kalmar Slott och stad \u00e4r en plats d\u00e4r salut har skjutits under hundratals \u00e5r, men traditionen [&hellip;]\" \/>\n<meta property=\"og:url\" content=\"https:\/\/kalmarslott.se\/en\/nyheter\/kungligt-besok-firas-med-historisk-salut\/\" \/>\n<meta property=\"og:site_name\" content=\"Kalmar Slott\" \/>\n<meta property=\"article:published_time\" content=\"2023-05-09T06:54:11+00:00\" \/>\n<meta property=\"article:modified_time\" content=\"2024-11-26T07:55:31+00:00\" \/>\n<meta property=\"og:image\" content=\"https:\/\/kalmarslott.se\/wp-content\/uploads\/2023\/03\/2023hmkonungenfotothronullbergkunglhovstaterna-1-scaled.jpg\" \/>\n\t<meta property=\"og:image:width\" content=\"1815\" \/>\n\t<meta property=\"og:image:height\" content=\"2560\" \/>\n\t<meta property=\"og:image:type\" content=\"image\/jpeg\" \/>\n<meta name=\"author\" content=\"admin\" \/>\n<meta name=\"twitter:card\" content=\"summary_large_image\" \/>\n<meta name=\"twitter:label1\" content=\"Written by\" \/>\n\t<meta name=\"twitter:data1\" content=\"admin\" \/>\n\t<meta name=\"twitter:label2\" content=\"Est. reading time\" \/>\n\t<meta name=\"twitter:data2\" content=\"3 minutes\" \/>\n<script type=\"application\/ld+json\" class=\"yoast-schema-graph\">{\"@context\":\"https:\\\/\\\/schema.org\",\"@graph\":[{\"@type\":\"Article\",\"@id\":\"https:\\\/\\\/kalmarslott.se\\\/en\\\/nyheter\\\/kungligt-besok-firas-med-historisk-salut\\\/#article\",\"isPartOf\":{\"@id\":\"https:\\\/\\\/kalmarslott.se\\\/en\\\/nyheter\\\/kungligt-besok-firas-med-historisk-salut\\\/\"},\"author\":{\"name\":\"admin\",\"@id\":\"https:\\\/\\\/kalmarslott.se\\\/en\\\/#\\\/schema\\\/person\\\/e663c244350e4cbe90bf38a423c87ce0\"},\"headline\":\"Kungligt bes\u00f6k firas med historisk salut!\",\"datePublished\":\"2023-05-09T06:54:11+00:00\",\"dateModified\":\"2024-11-26T07:55:31+00:00\",\"mainEntityOfPage\":{\"@id\":\"https:\\\/\\\/kalmarslott.se\\\/en\\\/nyheter\\\/kungligt-besok-firas-med-historisk-salut\\\/\"},\"wordCount\":503,\"commentCount\":0,\"image\":{\"@id\":\"https:\\\/\\\/kalmarslott.se\\\/en\\\/nyheter\\\/kungligt-besok-firas-med-historisk-salut\\\/#primaryimage\"},\"thumbnailUrl\":\"https:\\\/\\\/kalmarslott.se\\\/wp-content\\\/uploads\\\/2023\\\/03\\\/2023hmkonungenfotothronullbergkunglhovstaterna-1-scaled.jpg\",\"articleSection\":[\"Nyheter\"],\"inLanguage\":\"en-US\",\"potentialAction\":[{\"@type\":\"CommentAction\",\"name\":\"Comment\",\"target\":[\"https:\\\/\\\/kalmarslott.se\\\/en\\\/nyheter\\\/kungligt-besok-firas-med-historisk-salut\\\/#respond\"]}]},{\"@type\":\"WebPage\",\"@id\":\"https:\\\/\\\/kalmarslott.se\\\/en\\\/nyheter\\\/kungligt-besok-firas-med-historisk-salut\\\/\",\"url\":\"https:\\\/\\\/kalmarslott.se\\\/en\\\/nyheter\\\/kungligt-besok-firas-med-historisk-salut\\\/\",\"name\":\"Kungligt bes\u00f6k firas med historisk salut! - Kalmar Slott\",\"isPartOf\":{\"@id\":\"https:\\\/\\\/kalmarslott.se\\\/en\\\/#website\"},\"primaryImageOfPage\":{\"@id\":\"https:\\\/\\\/kalmarslott.se\\\/en\\\/nyheter\\\/kungligt-besok-firas-med-historisk-salut\\\/#primaryimage\"},\"image\":{\"@id\":\"https:\\\/\\\/kalmarslott.se\\\/en\\\/nyheter\\\/kungligt-besok-firas-med-historisk-salut\\\/#primaryimage\"},\"thumbnailUrl\":\"https:\\\/\\\/kalmarslott.se\\\/wp-content\\\/uploads\\\/2023\\\/03\\\/2023hmkonungenfotothronullbergkunglhovstaterna-1-scaled.jpg\",\"datePublished\":\"2023-05-09T06:54:11+00:00\",\"dateModified\":\"2024-11-26T07:55:31+00:00\",\"author\":{\"@id\":\"https:\\\/\\\/kalmarslott.se\\\/en\\\/#\\\/schema\\\/person\\\/e663c244350e4cbe90bf38a423c87ce0\"},\"breadcrumb\":{\"@id\":\"https:\\\/\\\/kalmarslott.se\\\/en\\\/nyheter\\\/kungligt-besok-firas-med-historisk-salut\\\/#breadcrumb\"},\"inLanguage\":\"en-US\",\"potentialAction\":[{\"@type\":\"ReadAction\",\"target\":[\"https:\\\/\\\/kalmarslott.se\\\/en\\\/nyheter\\\/kungligt-besok-firas-med-historisk-salut\\\/\"]}]},{\"@type\":\"ImageObject\",\"inLanguage\":\"en-US\",\"@id\":\"https:\\\/\\\/kalmarslott.se\\\/en\\\/nyheter\\\/kungligt-besok-firas-med-historisk-salut\\\/#primaryimage\",\"url\":\"https:\\\/\\\/kalmarslott.se\\\/wp-content\\\/uploads\\\/2023\\\/03\\\/2023hmkonungenfotothronullbergkunglhovstaterna-1-scaled.jpg\",\"contentUrl\":\"https:\\\/\\\/kalmarslott.se\\\/wp-content\\\/uploads\\\/2023\\\/03\\\/2023hmkonungenfotothronullbergkunglhovstaterna-1-scaled.jpg\",\"width\":1815,\"height\":2560,\"caption\":\"I \u00e5r firar H.M. Konungen 50 \u00e5r p\u00e5 tronen. Med anledning av jubileet offentligg\u00f6rs i dag ett nytt portr\u00e4tt av Kungen. Fotografiet \u00e4r taget av fotograf Thron Ullberg i Rikssalen p\u00e5 Kungl. Slottet i Stockholm. Det var i denna sal som Kungens trontilltr\u00e4desceremoni \u00e4gde rum i september 1973 under vilken Kungen bland annat kungjorde sitt valspr\u00e5k \u0094F\u00f6r Sverige \u0096 i tiden\u0094. I fotografiet \u00e4r Kungen placerad bredvid den praktfulla silvertronen. Tronstolen var en g\u00e5va fr\u00e5n riksr\u00e5det Magnus Gabriel De la Gardie till drottning Kristina i samband med hennes kr\u00f6ning i Storkyrkan i Stockholm 1650. I dag \u00e4r silvertronen en symbol f\u00f6r den svenska monarkin och r\u00e4knas till rikets v\u00e4rdighetstecken. I portr\u00e4ttet b\u00e4r Konungen amiralsuniform med samtliga svenska riddarordnars h\u00f6gsta v\u00e4rdigheter. Ytterst h\u00e4nger Serafimerorden med kedja och d\u00e4refter Sv\u00e4rdsorden, Nordstj\u00e4rneorden samt Vasaorden i kedjor. Kring halsen b\u00e4r Kungen Dannebrogsordens storkommend\u00f6rstecken, en ordensv\u00e4rdighet som endast tilldelas den danska monarkens n\u00e4rmaste anf\u00f6rvanter. Under ordenskedjorna skymtar \u00e4ven svenska och norska kungliga minnesmedaljer.\"},{\"@type\":\"BreadcrumbList\",\"@id\":\"https:\\\/\\\/kalmarslott.se\\\/en\\\/nyheter\\\/kungligt-besok-firas-med-historisk-salut\\\/#breadcrumb\",\"itemListElement\":[{\"@type\":\"ListItem\",\"position\":1,\"name\":\"Hem\",\"item\":\"https:\\\/\\\/kalmarslott.se\\\/en\\\/\"},{\"@type\":\"ListItem\",\"position\":2,\"name\":\"Kungligt bes\u00f6k firas med historisk salut!\"}]},{\"@type\":\"WebSite\",\"@id\":\"https:\\\/\\\/kalmarslott.se\\\/en\\\/#website\",\"url\":\"https:\\\/\\\/kalmarslott.se\\\/en\\\/\",\"name\":\"Kalmar Slott\",\"description\":\"Ett riktigt slott\",\"potentialAction\":[{\"@type\":\"SearchAction\",\"target\":{\"@type\":\"EntryPoint\",\"urlTemplate\":\"https:\\\/\\\/kalmarslott.se\\\/en\\\/?s={search_term_string}\"},\"query-input\":{\"@type\":\"PropertyValueSpecification\",\"valueRequired\":true,\"valueName\":\"search_term_string\"}}],\"inLanguage\":\"en-US\"},{\"@type\":\"Person\",\"@id\":\"https:\\\/\\\/kalmarslott.se\\\/en\\\/#\\\/schema\\\/person\\\/e663c244350e4cbe90bf38a423c87ce0\",\"name\":\"admin\",\"image\":{\"@type\":\"ImageObject\",\"inLanguage\":\"en-US\",\"@id\":\"https:\\\/\\\/secure.gravatar.com\\\/avatar\\\/8691a660ed627384fe21a43c014271c9ed906942ee3ab2aa0a9e92684531e9de?s=96&d=mm&r=g\",\"url\":\"https:\\\/\\\/secure.gravatar.com\\\/avatar\\\/8691a660ed627384fe21a43c014271c9ed906942ee3ab2aa0a9e92684531e9de?s=96&d=mm&r=g\",\"contentUrl\":\"https:\\\/\\\/secure.gravatar.com\\\/avatar\\\/8691a660ed627384fe21a43c014271c9ed906942ee3ab2aa0a9e92684531e9de?s=96&d=mm&r=g\",\"caption\":\"admin\"},\"sameAs\":[\"https:\\\/\\\/kalmarslott.se\"],\"url\":\"https:\\\/\\\/kalmarslott.se\\\/en\\\/author\\\/admin\\\/\"}]}<\/script>\n<!-- \/ Yoast SEO plugin. -->","yoast_head_json":{"title":"Kungligt bes\u00f6k firas med historisk salut! - Kalmar Slott","robots":{"index":"index","follow":"follow","max-snippet":"max-snippet:-1","max-image-preview":"max-image-preview:large","max-video-preview":"max-video-preview:-1"},"canonical":"https:\/\/kalmarslott.se\/en\/nyheter\/kungligt-besok-firas-med-historisk-salut\/","og_locale":"en_US","og_type":"article","og_title":"Kungligt bes\u00f6k firas med historisk salut! - Kalmar Slott","og_description":"Den 16 maj bes\u00f6ker Kungaparet Kalmar l\u00e4n med anledning av jubileums\u00e5ret, d\u00e5 H.M. Konungen firar 50 \u00e5r som kung. Vid bes\u00f6ket p\u00e5 Kalmar Slott kommer den kungliga saluten att avfyras med 21 skott. \u2013 Det blir en historisk h\u00e4ndelse. Kalmar Slott och stad \u00e4r en plats d\u00e4r salut har skjutits under hundratals \u00e5r, men traditionen [&hellip;]","og_url":"https:\/\/kalmarslott.se\/en\/nyheter\/kungligt-besok-firas-med-historisk-salut\/","og_site_name":"Kalmar Slott","article_published_time":"2023-05-09T06:54:11+00:00","article_modified_time":"2024-11-26T07:55:31+00:00","og_image":[{"width":1815,"height":2560,"url":"https:\/\/kalmarslott.se\/wp-content\/uploads\/2023\/03\/2023hmkonungenfotothronullbergkunglhovstaterna-1-scaled.jpg","type":"image\/jpeg"}],"author":"admin","twitter_card":"summary_large_image","twitter_misc":{"Written by":"admin","Est. reading time":"3 minutes"},"schema":{"@context":"https:\/\/schema.org","@graph":[{"@type":"Article","@id":"https:\/\/kalmarslott.se\/en\/nyheter\/kungligt-besok-firas-med-historisk-salut\/#article","isPartOf":{"@id":"https:\/\/kalmarslott.se\/en\/nyheter\/kungligt-besok-firas-med-historisk-salut\/"},"author":{"name":"admin","@id":"https:\/\/kalmarslott.se\/en\/#\/schema\/person\/e663c244350e4cbe90bf38a423c87ce0"},"headline":"Kungligt bes\u00f6k firas med historisk salut!","datePublished":"2023-05-09T06:54:11+00:00","dateModified":"2024-11-26T07:55:31+00:00","mainEntityOfPage":{"@id":"https:\/\/kalmarslott.se\/en\/nyheter\/kungligt-besok-firas-med-historisk-salut\/"},"wordCount":503,"commentCount":0,"image":{"@id":"https:\/\/kalmarslott.se\/en\/nyheter\/kungligt-besok-firas-med-historisk-salut\/#primaryimage"},"thumbnailUrl":"https:\/\/kalmarslott.se\/wp-content\/uploads\/2023\/03\/2023hmkonungenfotothronullbergkunglhovstaterna-1-scaled.jpg","articleSection":["Nyheter"],"inLanguage":"en-US","potentialAction":[{"@type":"CommentAction","name":"Comment","target":["https:\/\/kalmarslott.se\/en\/nyheter\/kungligt-besok-firas-med-historisk-salut\/#respond"]}]},{"@type":"WebPage","@id":"https:\/\/kalmarslott.se\/en\/nyheter\/kungligt-besok-firas-med-historisk-salut\/","url":"https:\/\/kalmarslott.se\/en\/nyheter\/kungligt-besok-firas-med-historisk-salut\/","name":"Kungligt bes\u00f6k firas med historisk salut! - Kalmar Slott","isPartOf":{"@id":"https:\/\/kalmarslott.se\/en\/#website"},"primaryImageOfPage":{"@id":"https:\/\/kalmarslott.se\/en\/nyheter\/kungligt-besok-firas-med-historisk-salut\/#primaryimage"},"image":{"@id":"https:\/\/kalmarslott.se\/en\/nyheter\/kungligt-besok-firas-med-historisk-salut\/#primaryimage"},"thumbnailUrl":"https:\/\/kalmarslott.se\/wp-content\/uploads\/2023\/03\/2023hmkonungenfotothronullbergkunglhovstaterna-1-scaled.jpg","datePublished":"2023-05-09T06:54:11+00:00","dateModified":"2024-11-26T07:55:31+00:00","author":{"@id":"https:\/\/kalmarslott.se\/en\/#\/schema\/person\/e663c244350e4cbe90bf38a423c87ce0"},"breadcrumb":{"@id":"https:\/\/kalmarslott.se\/en\/nyheter\/kungligt-besok-firas-med-historisk-salut\/#breadcrumb"},"inLanguage":"en-US","potentialAction":[{"@type":"ReadAction","target":["https:\/\/kalmarslott.se\/en\/nyheter\/kungligt-besok-firas-med-historisk-salut\/"]}]},{"@type":"ImageObject","inLanguage":"en-US","@id":"https:\/\/kalmarslott.se\/en\/nyheter\/kungligt-besok-firas-med-historisk-salut\/#primaryimage","url":"https:\/\/kalmarslott.se\/wp-content\/uploads\/2023\/03\/2023hmkonungenfotothronullbergkunglhovstaterna-1-scaled.jpg","contentUrl":"https:\/\/kalmarslott.se\/wp-content\/uploads\/2023\/03\/2023hmkonungenfotothronullbergkunglhovstaterna-1-scaled.jpg","width":1815,"height":2560,"caption":"I \u00e5r firar H.M. Konungen 50 \u00e5r p\u00e5 tronen. Med anledning av jubileet offentligg\u00f6rs i dag ett nytt portr\u00e4tt av Kungen. Fotografiet \u00e4r taget av fotograf Thron Ullberg i Rikssalen p\u00e5 Kungl. Slottet i Stockholm. Det var i denna sal som Kungens trontilltr\u00e4desceremoni \u00e4gde rum i september 1973 under vilken Kungen bland annat kungjorde sitt valspr\u00e5k \u0094F\u00f6r Sverige \u0096 i tiden\u0094. I fotografiet \u00e4r Kungen placerad bredvid den praktfulla silvertronen. Tronstolen var en g\u00e5va fr\u00e5n riksr\u00e5det Magnus Gabriel De la Gardie till drottning Kristina i samband med hennes kr\u00f6ning i Storkyrkan i Stockholm 1650. I dag \u00e4r silvertronen en symbol f\u00f6r den svenska monarkin och r\u00e4knas till rikets v\u00e4rdighetstecken. I portr\u00e4ttet b\u00e4r Konungen amiralsuniform med samtliga svenska riddarordnars h\u00f6gsta v\u00e4rdigheter. Ytterst h\u00e4nger Serafimerorden med kedja och d\u00e4refter Sv\u00e4rdsorden, Nordstj\u00e4rneorden samt Vasaorden i kedjor. Kring halsen b\u00e4r Kungen Dannebrogsordens storkommend\u00f6rstecken, en ordensv\u00e4rdighet som endast tilldelas den danska monarkens n\u00e4rmaste anf\u00f6rvanter. Under ordenskedjorna skymtar \u00e4ven svenska och norska kungliga minnesmedaljer."},{"@type":"BreadcrumbList","@id":"https:\/\/kalmarslott.se\/en\/nyheter\/kungligt-besok-firas-med-historisk-salut\/#breadcrumb","itemListElement":[{"@type":"ListItem","position":1,"name":"Hem","item":"https:\/\/kalmarslott.se\/en\/"},{"@type":"ListItem","position":2,"name":"Kungligt bes\u00f6k firas med historisk salut!"}]},{"@type":"WebSite","@id":"https:\/\/kalmarslott.se\/en\/#website","url":"https:\/\/kalmarslott.se\/en\/","name":"Kalmar Slott","description":"Ett riktigt slott","potentialAction":[{"@type":"SearchAction","target":{"@type":"EntryPoint","urlTemplate":"https:\/\/kalmarslott.se\/en\/?s={search_term_string}"},"query-input":{"@type":"PropertyValueSpecification","valueRequired":true,"valueName":"search_term_string"}}],"inLanguage":"en-US"},{"@type":"Person","@id":"https:\/\/kalmarslott.se\/en\/#\/schema\/person\/e663c244350e4cbe90bf38a423c87ce0","name":"admin","image":{"@type":"ImageObject","inLanguage":"en-US","@id":"https:\/\/secure.gravatar.com\/avatar\/8691a660ed627384fe21a43c014271c9ed906942ee3ab2aa0a9e92684531e9de?s=96&d=mm&r=g","url":"https:\/\/secure.gravatar.com\/avatar\/8691a660ed627384fe21a43c014271c9ed906942ee3ab2aa0a9e92684531e9de?s=96&d=mm&r=g","contentUrl":"https:\/\/secure.gravatar.com\/avatar\/8691a660ed627384fe21a43c014271c9ed906942ee3ab2aa0a9e92684531e9de?s=96&d=mm&r=g","caption":"admin"},"sameAs":["https:\/\/kalmarslott.se"],"url":"https:\/\/kalmarslott.se\/en\/author\/admin\/"}]}},"_links":{"self":[{"href":"https:\/\/kalmarslott.se\/en\/wp-json\/wp\/v2\/posts\/6623","targetHints":{"allow":["GET"]}}],"collection":[{"href":"https:\/\/kalmarslott.se\/en\/wp-json\/wp\/v2\/posts"}],"about":[{"href":"https:\/\/kalmarslott.se\/en\/wp-json\/wp\/v2\/types\/post"}],"author":[{"embeddable":true,"href":"https:\/\/kalmarslott.se\/en\/wp-json\/wp\/v2\/users\/1"}],"replies":[{"embeddable":true,"href":"https:\/\/kalmarslott.se\/en\/wp-json\/wp\/v2\/comments?post=6623"}],"version-history":[{"count":4,"href":"https:\/\/kalmarslott.se\/en\/wp-json\/wp\/v2\/posts\/6623\/revisions"}],"predecessor-version":[{"id":10165,"href":"https:\/\/kalmarslott.se\/en\/wp-json\/wp\/v2\/posts\/6623\/revisions\/10165"}],"wp:featuredmedia":[{"embeddable":true,"href":"https:\/\/kalmarslott.se\/en\/wp-json\/wp\/v2\/media\/6308"}],"wp:attachment":[{"href":"https:\/\/kalmarslott.se\/en\/wp-json\/wp\/v2\/media?parent=6623"}],"wp:term":[{"taxonomy":"category","embeddable":true,"href":"https:\/\/kalmarslott.se\/en\/wp-json\/wp\/v2\/categories?post=6623"},{"taxonomy":"post_tag","embeddable":true,"href":"https:\/\/kalmarslott.se\/en\/wp-json\/wp\/v2\/tags?post=6623"}],"curies":[{"name":"wp","href":"https:\/\/api.w.org\/{rel}","templated":true}]}}