{"id":6312,"date":"2023-03-22T09:37:30","date_gmt":"2023-03-22T07:37:30","guid":{"rendered":"https:\/\/kalmarslott.se\/?p=6312"},"modified":"2023-03-22T09:37:30","modified_gmt":"2023-03-22T07:37:30","slug":"jubileumsutstallningen-50-ar-for-sverige-visas-pa-kalmar-slott","status":"publish","type":"post","link":"https:\/\/kalmarslott.se\/en\/nyheter\/jubileumsutstallningen-50-ar-for-sverige-visas-pa-kalmar-slott\/","title":{"rendered":"Jubileumsutst\u00e4llningen 50 \u00e5r f\u00f6r Sverige visas p\u00e5 Kalmar Slott"},"content":{"rendered":"<p><strong>I \u00e5r firar H.M. Konungen 50 \u00e5r p\u00e5 tronen och som en del av firandet bes\u00f6ker Kungen och Drottningen Sveriges 21 l\u00e4n. Runt om i landet visas ocks\u00e5 fotoutst\u00e4llningar som uppm\u00e4rksammar jubileet. Kalmar l\u00e4ns utst\u00e4llning visas p\u00e5 Kalmar Slott.<\/strong><\/p>\n<p>Utst\u00e4llningen p\u00e5 Kalmar Slott \u00f6ppnar tisdagen den 16 maj i samband med Kungaparets bes\u00f6k i Kalmar l\u00e4n under H.M. Konungens firande av 50 \u00e5r p\u00e5 tronen.<\/p>\n<p>Utst\u00e4llningen inneh\u00e5ller 14 officiella fotografier fr\u00e5n de 50 \u00e5r som Kungen har verkat f\u00f6r Sverige som statschef. Officiella portr\u00e4tt blandas med \u00f6gonblicksbilder fr\u00e5n de m\u00e5nga uppdrag och engagemang som Kungen har, till exempel att \u00f6ppna riksm\u00f6tet, vara ordf\u00f6rande vid konseljer med regeringen och Utrikesn\u00e4mnden, genomf\u00f6ra statsbes\u00f6k samt ackreditera ambassad\u00f6rer. I utst\u00e4llningen visas ocks\u00e5 flera bilder fr\u00e5n kungliga bes\u00f6k som har gjorts i Kalmar l\u00e4n.<\/p>\n<p>Liksom Kungens valspr\u00e5k, \u201dF\u00f6r Sverige \u2013 i tiden\u201d, tecknar fotografierna \u00e4ven Sverige under fem decennier. Bilderna speglar den kontinuitet som Kungen utg\u00f6r i sin roll som den l\u00e4ngst regerande monarken i Sveriges historia.<\/p>\n<p><em>Utst\u00e4llningen visas mellan den 16 maj och 3 september p\u00e5 St\u00e5th\u00e5llarv\u00e5ningen p\u00e5 Kalmar Slott, i anslutning till basutst\u00e4llningen om slottets 800-\u00e5riga historia.<\/em><\/p>\n<p>L\u00e4s hela pressmeddelandet samt se bilder i v\u00e5rt <a href=\"https:\/\/www.mynewsdesk.com\/se\/destinationkalmar\" target=\"_blank\" rel=\"noopener\">nyhetsrum<\/a>.<\/p>\n","protected":false},"excerpt":{"rendered":"<p>I \u00e5r firar H.M. Konungen 50 \u00e5r p\u00e5 tronen och som en del av firandet bes\u00f6ker Kungen och Drottningen Sveriges 21 l\u00e4n. Runt om i landet visas ocks\u00e5 fotoutst\u00e4llningar som uppm\u00e4rksammar jubileet. Kalmar l\u00e4ns utst\u00e4llning visas p\u00e5 Kalmar Slott. Utst\u00e4llningen p\u00e5 Kalmar Slott \u00f6ppnar tisdagen den 16 maj i samband med Kungaparets bes\u00f6k i Kalmar [&hellip;]<\/p>\n","protected":false},"author":1,"featured_media":6259,"comment_status":"open","ping_status":"open","sticky":false,"template":"","format":"standard","meta":{"_acf_changed":false,"footnotes":""},"categories":[1],"tags":[],"class_list":["post-6312","post","type-post","status-publish","format-standard","has-post-thumbnail","hentry","category-nyheter"],"acf":[],"yoast_head":"<!-- This site is optimized with the Yoast SEO plugin v27.5 - https:\/\/yoast.com\/product\/yoast-seo-wordpress\/ -->\n<title>Jubileumsutst\u00e4llningen 50 \u00e5r f\u00f6r Sverige visas p\u00e5 Kalmar Slott - Kalmar Slott<\/title>\n<meta name=\"robots\" content=\"index, follow, max-snippet:-1, max-image-preview:large, max-video-preview:-1\" \/>\n<link rel=\"canonical\" href=\"https:\/\/kalmarslott.se\/en\/nyheter\/jubileumsutstallningen-50-ar-for-sverige-visas-pa-kalmar-slott\/\" \/>\n<meta property=\"og:locale\" content=\"en_US\" \/>\n<meta property=\"og:type\" content=\"article\" \/>\n<meta property=\"og:title\" content=\"Jubileumsutst\u00e4llningen 50 \u00e5r f\u00f6r Sverige visas p\u00e5 Kalmar Slott - Kalmar Slott\" \/>\n<meta property=\"og:description\" content=\"I \u00e5r firar H.M. Konungen 50 \u00e5r p\u00e5 tronen och som en del av firandet bes\u00f6ker Kungen och Drottningen Sveriges 21 l\u00e4n. Runt om i landet visas ocks\u00e5 fotoutst\u00e4llningar som uppm\u00e4rksammar jubileet. Kalmar l\u00e4ns utst\u00e4llning visas p\u00e5 Kalmar Slott. Utst\u00e4llningen p\u00e5 Kalmar Slott \u00f6ppnar tisdagen den 16 maj i samband med Kungaparets bes\u00f6k i Kalmar [&hellip;]\" \/>\n<meta property=\"og:url\" content=\"https:\/\/kalmarslott.se\/en\/nyheter\/jubileumsutstallningen-50-ar-for-sverige-visas-pa-kalmar-slott\/\" \/>\n<meta property=\"og:site_name\" content=\"Kalmar Slott\" \/>\n<meta property=\"article:published_time\" content=\"2023-03-22T07:37:30+00:00\" \/>\n<meta property=\"og:image\" content=\"https:\/\/kalmarslott.se\/wp-content\/uploads\/2023\/03\/2023hmkonungenfotothronullbergkunglhovstaterna-scaled.jpg\" \/>\n\t<meta property=\"og:image:width\" content=\"1815\" \/>\n\t<meta property=\"og:image:height\" content=\"2560\" \/>\n\t<meta property=\"og:image:type\" content=\"image\/jpeg\" \/>\n<meta name=\"author\" content=\"admin\" \/>\n<meta name=\"twitter:card\" content=\"summary_large_image\" \/>\n<meta name=\"twitter:label1\" content=\"Written by\" \/>\n\t<meta name=\"twitter:data1\" content=\"admin\" \/>\n\t<meta name=\"twitter:label2\" content=\"Est. reading time\" \/>\n\t<meta name=\"twitter:data2\" content=\"1 minute\" \/>\n<script type=\"application\/ld+json\" class=\"yoast-schema-graph\">{\"@context\":\"https:\\\/\\\/schema.org\",\"@graph\":[{\"@type\":\"Article\",\"@id\":\"https:\\\/\\\/kalmarslott.se\\\/en\\\/nyheter\\\/jubileumsutstallningen-50-ar-for-sverige-visas-pa-kalmar-slott\\\/#article\",\"isPartOf\":{\"@id\":\"https:\\\/\\\/kalmarslott.se\\\/en\\\/nyheter\\\/jubileumsutstallningen-50-ar-for-sverige-visas-pa-kalmar-slott\\\/\"},\"author\":{\"name\":\"admin\",\"@id\":\"https:\\\/\\\/kalmarslott.se\\\/en\\\/#\\\/schema\\\/person\\\/e663c244350e4cbe90bf38a423c87ce0\"},\"headline\":\"Jubileumsutst\u00e4llningen 50 \u00e5r f\u00f6r Sverige visas p\u00e5 Kalmar Slott\",\"datePublished\":\"2023-03-22T07:37:30+00:00\",\"mainEntityOfPage\":{\"@id\":\"https:\\\/\\\/kalmarslott.se\\\/en\\\/nyheter\\\/jubileumsutstallningen-50-ar-for-sverige-visas-pa-kalmar-slott\\\/\"},\"wordCount\":234,\"commentCount\":0,\"image\":{\"@id\":\"https:\\\/\\\/kalmarslott.se\\\/en\\\/nyheter\\\/jubileumsutstallningen-50-ar-for-sverige-visas-pa-kalmar-slott\\\/#primaryimage\"},\"thumbnailUrl\":\"https:\\\/\\\/kalmarslott.se\\\/wp-content\\\/uploads\\\/2023\\\/03\\\/2023hmkonungenfotothronullbergkunglhovstaterna-scaled.jpg\",\"articleSection\":[\"Nyheter\"],\"inLanguage\":\"en-US\",\"potentialAction\":[{\"@type\":\"CommentAction\",\"name\":\"Comment\",\"target\":[\"https:\\\/\\\/kalmarslott.se\\\/en\\\/nyheter\\\/jubileumsutstallningen-50-ar-for-sverige-visas-pa-kalmar-slott\\\/#respond\"]}]},{\"@type\":\"WebPage\",\"@id\":\"https:\\\/\\\/kalmarslott.se\\\/en\\\/nyheter\\\/jubileumsutstallningen-50-ar-for-sverige-visas-pa-kalmar-slott\\\/\",\"url\":\"https:\\\/\\\/kalmarslott.se\\\/en\\\/nyheter\\\/jubileumsutstallningen-50-ar-for-sverige-visas-pa-kalmar-slott\\\/\",\"name\":\"Jubileumsutst\u00e4llningen 50 \u00e5r f\u00f6r Sverige visas p\u00e5 Kalmar Slott - Kalmar Slott\",\"isPartOf\":{\"@id\":\"https:\\\/\\\/kalmarslott.se\\\/en\\\/#website\"},\"primaryImageOfPage\":{\"@id\":\"https:\\\/\\\/kalmarslott.se\\\/en\\\/nyheter\\\/jubileumsutstallningen-50-ar-for-sverige-visas-pa-kalmar-slott\\\/#primaryimage\"},\"image\":{\"@id\":\"https:\\\/\\\/kalmarslott.se\\\/en\\\/nyheter\\\/jubileumsutstallningen-50-ar-for-sverige-visas-pa-kalmar-slott\\\/#primaryimage\"},\"thumbnailUrl\":\"https:\\\/\\\/kalmarslott.se\\\/wp-content\\\/uploads\\\/2023\\\/03\\\/2023hmkonungenfotothronullbergkunglhovstaterna-scaled.jpg\",\"datePublished\":\"2023-03-22T07:37:30+00:00\",\"author\":{\"@id\":\"https:\\\/\\\/kalmarslott.se\\\/en\\\/#\\\/schema\\\/person\\\/e663c244350e4cbe90bf38a423c87ce0\"},\"breadcrumb\":{\"@id\":\"https:\\\/\\\/kalmarslott.se\\\/en\\\/nyheter\\\/jubileumsutstallningen-50-ar-for-sverige-visas-pa-kalmar-slott\\\/#breadcrumb\"},\"inLanguage\":\"en-US\",\"potentialAction\":[{\"@type\":\"ReadAction\",\"target\":[\"https:\\\/\\\/kalmarslott.se\\\/en\\\/nyheter\\\/jubileumsutstallningen-50-ar-for-sverige-visas-pa-kalmar-slott\\\/\"]}]},{\"@type\":\"ImageObject\",\"inLanguage\":\"en-US\",\"@id\":\"https:\\\/\\\/kalmarslott.se\\\/en\\\/nyheter\\\/jubileumsutstallningen-50-ar-for-sverige-visas-pa-kalmar-slott\\\/#primaryimage\",\"url\":\"https:\\\/\\\/kalmarslott.se\\\/wp-content\\\/uploads\\\/2023\\\/03\\\/2023hmkonungenfotothronullbergkunglhovstaterna-scaled.jpg\",\"contentUrl\":\"https:\\\/\\\/kalmarslott.se\\\/wp-content\\\/uploads\\\/2023\\\/03\\\/2023hmkonungenfotothronullbergkunglhovstaterna-scaled.jpg\",\"width\":1815,\"height\":2560,\"caption\":\"I \u00e5r firar H.M. Konungen 50 \u00e5r p\u00e5 tronen. Med anledning av jubileet offentligg\u00f6rs i dag ett nytt portr\u00e4tt av Kungen. Fotografiet \u00e4r taget av fotograf Thron Ullberg i Rikssalen p\u00e5 Kungl. Slottet i Stockholm. Det var i denna sal som Kungens trontilltr\u00e4desceremoni \u00e4gde rum i september 1973 under vilken Kungen bland annat kungjorde sitt valspr\u00e5k \u0094F\u00f6r Sverige \u0096 i tiden\u0094. I fotografiet \u00e4r Kungen placerad bredvid den praktfulla silvertronen. Tronstolen var en g\u00e5va fr\u00e5n riksr\u00e5det Magnus Gabriel De la Gardie till drottning Kristina i samband med hennes kr\u00f6ning i Storkyrkan i Stockholm 1650. I dag \u00e4r silvertronen en symbol f\u00f6r den svenska monarkin och r\u00e4knas till rikets v\u00e4rdighetstecken. I portr\u00e4ttet b\u00e4r Konungen amiralsuniform med samtliga svenska riddarordnars h\u00f6gsta v\u00e4rdigheter. Ytterst h\u00e4nger Serafimerorden med kedja och d\u00e4refter Sv\u00e4rdsorden, Nordstj\u00e4rneorden samt Vasaorden i kedjor. Kring halsen b\u00e4r Kungen Dannebrogsordens storkommend\u00f6rstecken, en ordensv\u00e4rdighet som endast tilldelas den danska monarkens n\u00e4rmaste anf\u00f6rvanter. Under ordenskedjorna skymtar \u00e4ven svenska och norska kungliga minnesmedaljer.\"},{\"@type\":\"BreadcrumbList\",\"@id\":\"https:\\\/\\\/kalmarslott.se\\\/en\\\/nyheter\\\/jubileumsutstallningen-50-ar-for-sverige-visas-pa-kalmar-slott\\\/#breadcrumb\",\"itemListElement\":[{\"@type\":\"ListItem\",\"position\":1,\"name\":\"Hem\",\"item\":\"https:\\\/\\\/kalmarslott.se\\\/en\\\/\"},{\"@type\":\"ListItem\",\"position\":2,\"name\":\"Jubileumsutst\u00e4llningen 50 \u00e5r f\u00f6r Sverige visas p\u00e5 Kalmar Slott\"}]},{\"@type\":\"WebSite\",\"@id\":\"https:\\\/\\\/kalmarslott.se\\\/en\\\/#website\",\"url\":\"https:\\\/\\\/kalmarslott.se\\\/en\\\/\",\"name\":\"Kalmar Slott\",\"description\":\"Ett riktigt slott\",\"potentialAction\":[{\"@type\":\"SearchAction\",\"target\":{\"@type\":\"EntryPoint\",\"urlTemplate\":\"https:\\\/\\\/kalmarslott.se\\\/en\\\/?s={search_term_string}\"},\"query-input\":{\"@type\":\"PropertyValueSpecification\",\"valueRequired\":true,\"valueName\":\"search_term_string\"}}],\"inLanguage\":\"en-US\"},{\"@type\":\"Person\",\"@id\":\"https:\\\/\\\/kalmarslott.se\\\/en\\\/#\\\/schema\\\/person\\\/e663c244350e4cbe90bf38a423c87ce0\",\"name\":\"admin\",\"image\":{\"@type\":\"ImageObject\",\"inLanguage\":\"en-US\",\"@id\":\"https:\\\/\\\/secure.gravatar.com\\\/avatar\\\/8691a660ed627384fe21a43c014271c9ed906942ee3ab2aa0a9e92684531e9de?s=96&d=mm&r=g\",\"url\":\"https:\\\/\\\/secure.gravatar.com\\\/avatar\\\/8691a660ed627384fe21a43c014271c9ed906942ee3ab2aa0a9e92684531e9de?s=96&d=mm&r=g\",\"contentUrl\":\"https:\\\/\\\/secure.gravatar.com\\\/avatar\\\/8691a660ed627384fe21a43c014271c9ed906942ee3ab2aa0a9e92684531e9de?s=96&d=mm&r=g\",\"caption\":\"admin\"},\"sameAs\":[\"https:\\\/\\\/kalmarslott.se\"],\"url\":\"https:\\\/\\\/kalmarslott.se\\\/en\\\/author\\\/admin\\\/\"}]}<\/script>\n<!-- \/ Yoast SEO plugin. -->","yoast_head_json":{"title":"Jubileumsutst\u00e4llningen 50 \u00e5r f\u00f6r Sverige visas p\u00e5 Kalmar Slott - Kalmar Slott","robots":{"index":"index","follow":"follow","max-snippet":"max-snippet:-1","max-image-preview":"max-image-preview:large","max-video-preview":"max-video-preview:-1"},"canonical":"https:\/\/kalmarslott.se\/en\/nyheter\/jubileumsutstallningen-50-ar-for-sverige-visas-pa-kalmar-slott\/","og_locale":"en_US","og_type":"article","og_title":"Jubileumsutst\u00e4llningen 50 \u00e5r f\u00f6r Sverige visas p\u00e5 Kalmar Slott - Kalmar Slott","og_description":"I \u00e5r firar H.M. Konungen 50 \u00e5r p\u00e5 tronen och som en del av firandet bes\u00f6ker Kungen och Drottningen Sveriges 21 l\u00e4n. Runt om i landet visas ocks\u00e5 fotoutst\u00e4llningar som uppm\u00e4rksammar jubileet. Kalmar l\u00e4ns utst\u00e4llning visas p\u00e5 Kalmar Slott. Utst\u00e4llningen p\u00e5 Kalmar Slott \u00f6ppnar tisdagen den 16 maj i samband med Kungaparets bes\u00f6k i Kalmar [&hellip;]","og_url":"https:\/\/kalmarslott.se\/en\/nyheter\/jubileumsutstallningen-50-ar-for-sverige-visas-pa-kalmar-slott\/","og_site_name":"Kalmar Slott","article_published_time":"2023-03-22T07:37:30+00:00","og_image":[{"width":1815,"height":2560,"url":"https:\/\/kalmarslott.se\/wp-content\/uploads\/2023\/03\/2023hmkonungenfotothronullbergkunglhovstaterna-scaled.jpg","type":"image\/jpeg"}],"author":"admin","twitter_card":"summary_large_image","twitter_misc":{"Written by":"admin","Est. reading time":"1 minute"},"schema":{"@context":"https:\/\/schema.org","@graph":[{"@type":"Article","@id":"https:\/\/kalmarslott.se\/en\/nyheter\/jubileumsutstallningen-50-ar-for-sverige-visas-pa-kalmar-slott\/#article","isPartOf":{"@id":"https:\/\/kalmarslott.se\/en\/nyheter\/jubileumsutstallningen-50-ar-for-sverige-visas-pa-kalmar-slott\/"},"author":{"name":"admin","@id":"https:\/\/kalmarslott.se\/en\/#\/schema\/person\/e663c244350e4cbe90bf38a423c87ce0"},"headline":"Jubileumsutst\u00e4llningen 50 \u00e5r f\u00f6r Sverige visas p\u00e5 Kalmar Slott","datePublished":"2023-03-22T07:37:30+00:00","mainEntityOfPage":{"@id":"https:\/\/kalmarslott.se\/en\/nyheter\/jubileumsutstallningen-50-ar-for-sverige-visas-pa-kalmar-slott\/"},"wordCount":234,"commentCount":0,"image":{"@id":"https:\/\/kalmarslott.se\/en\/nyheter\/jubileumsutstallningen-50-ar-for-sverige-visas-pa-kalmar-slott\/#primaryimage"},"thumbnailUrl":"https:\/\/kalmarslott.se\/wp-content\/uploads\/2023\/03\/2023hmkonungenfotothronullbergkunglhovstaterna-scaled.jpg","articleSection":["Nyheter"],"inLanguage":"en-US","potentialAction":[{"@type":"CommentAction","name":"Comment","target":["https:\/\/kalmarslott.se\/en\/nyheter\/jubileumsutstallningen-50-ar-for-sverige-visas-pa-kalmar-slott\/#respond"]}]},{"@type":"WebPage","@id":"https:\/\/kalmarslott.se\/en\/nyheter\/jubileumsutstallningen-50-ar-for-sverige-visas-pa-kalmar-slott\/","url":"https:\/\/kalmarslott.se\/en\/nyheter\/jubileumsutstallningen-50-ar-for-sverige-visas-pa-kalmar-slott\/","name":"Jubileumsutst\u00e4llningen 50 \u00e5r f\u00f6r Sverige visas p\u00e5 Kalmar Slott - Kalmar Slott","isPartOf":{"@id":"https:\/\/kalmarslott.se\/en\/#website"},"primaryImageOfPage":{"@id":"https:\/\/kalmarslott.se\/en\/nyheter\/jubileumsutstallningen-50-ar-for-sverige-visas-pa-kalmar-slott\/#primaryimage"},"image":{"@id":"https:\/\/kalmarslott.se\/en\/nyheter\/jubileumsutstallningen-50-ar-for-sverige-visas-pa-kalmar-slott\/#primaryimage"},"thumbnailUrl":"https:\/\/kalmarslott.se\/wp-content\/uploads\/2023\/03\/2023hmkonungenfotothronullbergkunglhovstaterna-scaled.jpg","datePublished":"2023-03-22T07:37:30+00:00","author":{"@id":"https:\/\/kalmarslott.se\/en\/#\/schema\/person\/e663c244350e4cbe90bf38a423c87ce0"},"breadcrumb":{"@id":"https:\/\/kalmarslott.se\/en\/nyheter\/jubileumsutstallningen-50-ar-for-sverige-visas-pa-kalmar-slott\/#breadcrumb"},"inLanguage":"en-US","potentialAction":[{"@type":"ReadAction","target":["https:\/\/kalmarslott.se\/en\/nyheter\/jubileumsutstallningen-50-ar-for-sverige-visas-pa-kalmar-slott\/"]}]},{"@type":"ImageObject","inLanguage":"en-US","@id":"https:\/\/kalmarslott.se\/en\/nyheter\/jubileumsutstallningen-50-ar-for-sverige-visas-pa-kalmar-slott\/#primaryimage","url":"https:\/\/kalmarslott.se\/wp-content\/uploads\/2023\/03\/2023hmkonungenfotothronullbergkunglhovstaterna-scaled.jpg","contentUrl":"https:\/\/kalmarslott.se\/wp-content\/uploads\/2023\/03\/2023hmkonungenfotothronullbergkunglhovstaterna-scaled.jpg","width":1815,"height":2560,"caption":"I \u00e5r firar H.M. Konungen 50 \u00e5r p\u00e5 tronen. Med anledning av jubileet offentligg\u00f6rs i dag ett nytt portr\u00e4tt av Kungen. Fotografiet \u00e4r taget av fotograf Thron Ullberg i Rikssalen p\u00e5 Kungl. Slottet i Stockholm. Det var i denna sal som Kungens trontilltr\u00e4desceremoni \u00e4gde rum i september 1973 under vilken Kungen bland annat kungjorde sitt valspr\u00e5k \u0094F\u00f6r Sverige \u0096 i tiden\u0094. I fotografiet \u00e4r Kungen placerad bredvid den praktfulla silvertronen. Tronstolen var en g\u00e5va fr\u00e5n riksr\u00e5det Magnus Gabriel De la Gardie till drottning Kristina i samband med hennes kr\u00f6ning i Storkyrkan i Stockholm 1650. I dag \u00e4r silvertronen en symbol f\u00f6r den svenska monarkin och r\u00e4knas till rikets v\u00e4rdighetstecken. I portr\u00e4ttet b\u00e4r Konungen amiralsuniform med samtliga svenska riddarordnars h\u00f6gsta v\u00e4rdigheter. Ytterst h\u00e4nger Serafimerorden med kedja och d\u00e4refter Sv\u00e4rdsorden, Nordstj\u00e4rneorden samt Vasaorden i kedjor. Kring halsen b\u00e4r Kungen Dannebrogsordens storkommend\u00f6rstecken, en ordensv\u00e4rdighet som endast tilldelas den danska monarkens n\u00e4rmaste anf\u00f6rvanter. Under ordenskedjorna skymtar \u00e4ven svenska och norska kungliga minnesmedaljer."},{"@type":"BreadcrumbList","@id":"https:\/\/kalmarslott.se\/en\/nyheter\/jubileumsutstallningen-50-ar-for-sverige-visas-pa-kalmar-slott\/#breadcrumb","itemListElement":[{"@type":"ListItem","position":1,"name":"Hem","item":"https:\/\/kalmarslott.se\/en\/"},{"@type":"ListItem","position":2,"name":"Jubileumsutst\u00e4llningen 50 \u00e5r f\u00f6r Sverige visas p\u00e5 Kalmar Slott"}]},{"@type":"WebSite","@id":"https:\/\/kalmarslott.se\/en\/#website","url":"https:\/\/kalmarslott.se\/en\/","name":"Kalmar Slott","description":"Ett riktigt slott","potentialAction":[{"@type":"SearchAction","target":{"@type":"EntryPoint","urlTemplate":"https:\/\/kalmarslott.se\/en\/?s={search_term_string}"},"query-input":{"@type":"PropertyValueSpecification","valueRequired":true,"valueName":"search_term_string"}}],"inLanguage":"en-US"},{"@type":"Person","@id":"https:\/\/kalmarslott.se\/en\/#\/schema\/person\/e663c244350e4cbe90bf38a423c87ce0","name":"admin","image":{"@type":"ImageObject","inLanguage":"en-US","@id":"https:\/\/secure.gravatar.com\/avatar\/8691a660ed627384fe21a43c014271c9ed906942ee3ab2aa0a9e92684531e9de?s=96&d=mm&r=g","url":"https:\/\/secure.gravatar.com\/avatar\/8691a660ed627384fe21a43c014271c9ed906942ee3ab2aa0a9e92684531e9de?s=96&d=mm&r=g","contentUrl":"https:\/\/secure.gravatar.com\/avatar\/8691a660ed627384fe21a43c014271c9ed906942ee3ab2aa0a9e92684531e9de?s=96&d=mm&r=g","caption":"admin"},"sameAs":["https:\/\/kalmarslott.se"],"url":"https:\/\/kalmarslott.se\/en\/author\/admin\/"}]}},"_links":{"self":[{"href":"https:\/\/kalmarslott.se\/en\/wp-json\/wp\/v2\/posts\/6312","targetHints":{"allow":["GET"]}}],"collection":[{"href":"https:\/\/kalmarslott.se\/en\/wp-json\/wp\/v2\/posts"}],"about":[{"href":"https:\/\/kalmarslott.se\/en\/wp-json\/wp\/v2\/types\/post"}],"author":[{"embeddable":true,"href":"https:\/\/kalmarslott.se\/en\/wp-json\/wp\/v2\/users\/1"}],"replies":[{"embeddable":true,"href":"https:\/\/kalmarslott.se\/en\/wp-json\/wp\/v2\/comments?post=6312"}],"version-history":[{"count":1,"href":"https:\/\/kalmarslott.se\/en\/wp-json\/wp\/v2\/posts\/6312\/revisions"}],"predecessor-version":[{"id":6313,"href":"https:\/\/kalmarslott.se\/en\/wp-json\/wp\/v2\/posts\/6312\/revisions\/6313"}],"wp:featuredmedia":[{"embeddable":true,"href":"https:\/\/kalmarslott.se\/en\/wp-json\/wp\/v2\/media\/6259"}],"wp:attachment":[{"href":"https:\/\/kalmarslott.se\/en\/wp-json\/wp\/v2\/media?parent=6312"}],"wp:term":[{"taxonomy":"category","embeddable":true,"href":"https:\/\/kalmarslott.se\/en\/wp-json\/wp\/v2\/categories?post=6312"},{"taxonomy":"post_tag","embeddable":true,"href":"https:\/\/kalmarslott.se\/en\/wp-json\/wp\/v2\/tags?post=6312"}],"curies":[{"name":"wp","href":"https:\/\/api.w.org\/{rel}","templated":true}]}}