{"id":5526,"date":"2022-12-14T10:01:23","date_gmt":"2022-12-14T08:01:23","guid":{"rendered":"https:\/\/kalmarslott.se\/?p=5526"},"modified":"2022-12-14T10:04:13","modified_gmt":"2022-12-14T08:04:13","slug":"det-talande-skaegget-lyser-aater-i-foerbraenda-salen","status":"publish","type":"post","link":"https:\/\/kalmarslott.se\/de\/unkategorisiert\/det-talande-skaegget-lyser-aater-i-foerbraenda-salen\/","title":{"rendered":"Det talande sk\u00e4gget lyser \u00e5ter i F\u00f6rbr\u00e4nda salen"},"content":{"rendered":"<p><strong>Den 8 december \u00f6ppnade vinterutst\u00e4llningen Gustav Vasa talar ur sk\u00e4gget, en utst\u00e4llning om makt. Utst\u00e4llningen vill ge en nyanserad bild av landsfadern, och en uppdaterad version av den de flesta l\u00e4st i historieb\u00f6ckerna, allt enligt de senaste decenniernas historieforskning. <\/strong><\/p>\n<p>N\u00e4sta \u00e5r, 2023, blir ett historiskt \u00e5r f\u00f6r Sverige. Det \u00e4r 500-\u00e5rsjubileet av Gustav Vasas tilltr\u00e4de som kung och dessutom firar v\u00e5r nuvarande kung 50 \u00e5r p\u00e5 tronen. Detta kommer att uppm\u00e4rksammas \u00f6ver hela Sverige, med utst\u00e4llningar och tv-program f\u00f6r att n\u00e4mna n\u00e5gra exempel. Redan 2020 sm\u00f6g Kalmar Slott i g\u00e5ng firandet och producerade denna utst\u00e4llning. Det var dock precis n\u00e4r pandemin kom; m\u00e5nga hade d\u00e4rf\u00f6r inte m\u00f6jlighet att komma och utst\u00e4llningens vernissage fick st\u00e4llas in.<\/p>\n<p>\u2013 Nu f\u00e5r de som inte kunde komma d\u00e5 en ny chans. Men framf\u00f6r allt vill vi ha ett startskott till 2023, detta historiska \u00e5r. Flera skolor har ocks\u00e5 h\u00f6rt av sig och fr\u00e5gat om utst\u00e4llningen och ber\u00e4ttat att de g\u00e4rna vill bes\u00f6ka slottet med Gustav Vasa-fokus, ber\u00e4ttar slottschef Meg N\u00f6mg\u00e5rd.<\/p>\n<p>Gustav Vasa beskrivs i historieb\u00f6ckerna som en landsfader, landets starke man som befriande Sverige fr\u00e5n danskarna. Men \u00e4r alla historier sanna? G\u00f6mde han sig verkligen i ett dass och \u00e5kte han verkligen skidor mellan S\u00e4len och Mora? Senare tids forskning visar hur Gustav Vasa skrev sin egen historia. Att han genom propaganda, censur och v\u00e5ld tog makten, f\u00f6r att beh\u00e5lla den i 40 \u00e5r. Nu \u00e4r det 500 \u00e5r sedan, men maktens v\u00e4lk\u00e4nda medel kan fortfarande k\u00e4nnas igen.<\/p>\n<p>\u2013 Bes\u00f6karen kan l\u00e4sa om tiden Gustav Vasa levde i, om b\u00e5de personer, h\u00e4ndelser och uppt\u00e4ckter, och om v\u00e4gen Gustav Vasa tog f\u00f6r att komma \u00e5t makten. En del av utst\u00e4llningen belyser \u00e4ven kvinnorna runt Gustav Vasa, till exempel Cecilia Vasa, ber\u00e4ttar Meg N\u00f6mg\u00e5rd.<\/p>\n<p>F\u00f6r att bes\u00f6karna verkligen ska kunna g\u00e5 i Gustav Vasas fotsp\u00e5r under 2023, kommer slottet under hela utst\u00e4llningsperioden att erbjuda en t\u00e4vling. Vinnarna f\u00e5r chansen att g\u00f6ra ett unikt och privat bes\u00f6k genom hela Kungsmakstornet p\u00e5 Kalmar Slott, \u00e4nda upp till tornets topp d\u00e4r Gustav Vasa hade sitt gemak. Under visningen f\u00e5r de bland annat se tr\u00e4golvet som nyligen daterades till 1200-talet. De kommer ocks\u00e5 att f\u00e5 se dolda rum som aldrig tidigare har visats f\u00f6r allm\u00e4nheten.<\/p>\n<p>Under utst\u00e4llningsperioden kommer det ocks\u00e5 att ges en f\u00f6rel\u00e4sning f\u00f6r de bes\u00f6kare som vill f\u00f6rdjupa sina kunskaper om Gustav Vasa.<\/p>\n<p><em>Utst\u00e4llningen visas p\u00e5 Kalmar Slott fr\u00e5n den 8 december 2022 till den 5 mars 2023.<\/em><\/p>\n<p><strong>F\u00f6r mer information, kontakta:<\/strong><\/p>\n<p>Meg N\u00f6mg\u00e5rd, slottschef, Kalmar Slott, Destination Kalmar<br \/>\nTel: 0480-45 14 93, e-post: <a href=\"mailto:meg.nomgard@kalmar.com\">meg.nomgard@kalmar.com<\/a><\/p>\n<p>&nbsp;<\/p>\n<p><img loading=\"lazy\" decoding=\"async\" class=\"alignnone wp-image-5528 size-large\" src=\"https:\/\/kalmarslott.se\/wp-content\/uploads\/2022\/12\/kalmarslottgustavvasalinus-sandvide-2-1024x683.jpg\" alt=\"\" width=\"1024\" height=\"683\" srcset=\"https:\/\/kalmarslott.se\/wp-content\/uploads\/2022\/12\/kalmarslottgustavvasalinus-sandvide-2-1024x683.jpg 1024w, https:\/\/kalmarslott.se\/wp-content\/uploads\/2022\/12\/kalmarslottgustavvasalinus-sandvide-2-300x200.jpg 300w, https:\/\/kalmarslott.se\/wp-content\/uploads\/2022\/12\/kalmarslottgustavvasalinus-sandvide-2-768x512.jpg 768w, https:\/\/kalmarslott.se\/wp-content\/uploads\/2022\/12\/kalmarslottgustavvasalinus-sandvide-2-1536x1024.jpg 1536w, https:\/\/kalmarslott.se\/wp-content\/uploads\/2022\/12\/kalmarslottgustavvasalinus-sandvide-2-2048x1365.jpg 2048w, https:\/\/kalmarslott.se\/wp-content\/uploads\/2022\/12\/kalmarslottgustavvasalinus-sandvide-2-600x400.jpg 600w\" sizes=\"auto, (max-width: 1024px) 100vw, 1024px\" \/><\/p>\n","protected":false},"excerpt":{"rendered":"<p>Den 8 december \u00f6ppnade vinterutst\u00e4llningen Gustav Vasa talar ur sk\u00e4gget, en utst\u00e4llning om makt. Utst\u00e4llningen vill ge en nyanserad bild av landsfadern, och en uppdaterad version av den de flesta l\u00e4st i historieb\u00f6ckerna, allt enligt de senaste decenniernas historieforskning. N\u00e4sta \u00e5r, 2023, blir ett historiskt \u00e5r f\u00f6r Sverige. Det \u00e4r 500-\u00e5rsjubileet av Gustav Vasas tilltr\u00e4de [&hellip;]<\/p>\n","protected":false},"author":1,"featured_media":5528,"comment_status":"open","ping_status":"open","sticky":false,"template":"","format":"standard","meta":{"_acf_changed":false,"footnotes":""},"categories":[184],"tags":[],"class_list":["post-5526","post","type-post","status-publish","format-standard","has-post-thumbnail","hentry","category-unkategorisiert"],"acf":[],"yoast_head":"<!-- This site is optimized with the Yoast SEO plugin v27.5 - https:\/\/yoast.com\/product\/yoast-seo-wordpress\/ -->\n<title>Det talande sk\u00e4gget lyser \u00e5ter i F\u00f6rbr\u00e4nda salen - Kalmar Slott<\/title>\n<meta name=\"robots\" content=\"index, follow, max-snippet:-1, max-image-preview:large, max-video-preview:-1\" \/>\n<link rel=\"canonical\" href=\"https:\/\/kalmarslott.se\/de\/unkategorisiert\/det-talande-skaegget-lyser-aater-i-foerbraenda-salen\/\" \/>\n<meta property=\"og:locale\" content=\"de_DE\" \/>\n<meta property=\"og:type\" content=\"article\" \/>\n<meta property=\"og:title\" content=\"Det talande sk\u00e4gget lyser \u00e5ter i F\u00f6rbr\u00e4nda salen - Kalmar Slott\" \/>\n<meta property=\"og:description\" content=\"Den 8 december \u00f6ppnade vinterutst\u00e4llningen Gustav Vasa talar ur sk\u00e4gget, en utst\u00e4llning om makt. Utst\u00e4llningen vill ge en nyanserad bild av landsfadern, och en uppdaterad version av den de flesta l\u00e4st i historieb\u00f6ckerna, allt enligt de senaste decenniernas historieforskning. N\u00e4sta \u00e5r, 2023, blir ett historiskt \u00e5r f\u00f6r Sverige. Det \u00e4r 500-\u00e5rsjubileet av Gustav Vasas tilltr\u00e4de [&hellip;]\" \/>\n<meta property=\"og:url\" content=\"https:\/\/kalmarslott.se\/de\/unkategorisiert\/det-talande-skaegget-lyser-aater-i-foerbraenda-salen\/\" \/>\n<meta property=\"og:site_name\" content=\"Kalmar Slott\" \/>\n<meta property=\"article:published_time\" content=\"2022-12-14T08:01:23+00:00\" \/>\n<meta property=\"article:modified_time\" content=\"2022-12-14T08:04:13+00:00\" \/>\n<meta property=\"og:image\" content=\"https:\/\/kalmarslott.se\/wp-content\/uploads\/2022\/12\/kalmarslottgustavvasalinus-sandvide-2-scaled.jpg\" \/>\n\t<meta property=\"og:image:width\" content=\"2560\" \/>\n\t<meta property=\"og:image:height\" content=\"1707\" \/>\n\t<meta property=\"og:image:type\" content=\"image\/jpeg\" \/>\n<meta name=\"author\" content=\"admin\" \/>\n<meta name=\"twitter:card\" content=\"summary_large_image\" \/>\n<meta name=\"twitter:label1\" content=\"Verfasst von\" \/>\n\t<meta name=\"twitter:data1\" content=\"admin\" \/>\n\t<meta name=\"twitter:label2\" content=\"Gesch\u00e4tzte Lesezeit\" \/>\n\t<meta name=\"twitter:data2\" content=\"3\u00a0Minuten\" \/>\n<script type=\"application\/ld+json\" class=\"yoast-schema-graph\">{\"@context\":\"https:\\\/\\\/schema.org\",\"@graph\":[{\"@type\":\"Article\",\"@id\":\"https:\\\/\\\/kalmarslott.se\\\/de\\\/unkategorisiert\\\/det-talande-skaegget-lyser-aater-i-foerbraenda-salen\\\/#article\",\"isPartOf\":{\"@id\":\"https:\\\/\\\/kalmarslott.se\\\/de\\\/unkategorisiert\\\/det-talande-skaegget-lyser-aater-i-foerbraenda-salen\\\/\"},\"author\":{\"name\":\"admin\",\"@id\":\"https:\\\/\\\/kalmarslott.se\\\/de\\\/#\\\/schema\\\/person\\\/e663c244350e4cbe90bf38a423c87ce0\"},\"headline\":\"Det talande sk\u00e4gget lyser \u00e5ter i F\u00f6rbr\u00e4nda salen\",\"datePublished\":\"2022-12-14T08:01:23+00:00\",\"dateModified\":\"2022-12-14T08:04:13+00:00\",\"mainEntityOfPage\":{\"@id\":\"https:\\\/\\\/kalmarslott.se\\\/de\\\/unkategorisiert\\\/det-talande-skaegget-lyser-aater-i-foerbraenda-salen\\\/\"},\"wordCount\":498,\"commentCount\":0,\"image\":{\"@id\":\"https:\\\/\\\/kalmarslott.se\\\/de\\\/unkategorisiert\\\/det-talande-skaegget-lyser-aater-i-foerbraenda-salen\\\/#primaryimage\"},\"thumbnailUrl\":\"https:\\\/\\\/kalmarslott.se\\\/wp-content\\\/uploads\\\/2022\\\/12\\\/kalmarslottgustavvasalinus-sandvide-2-scaled.jpg\",\"articleSection\":[\"Unkategorisiert\"],\"inLanguage\":\"de\",\"potentialAction\":[{\"@type\":\"CommentAction\",\"name\":\"Comment\",\"target\":[\"https:\\\/\\\/kalmarslott.se\\\/de\\\/unkategorisiert\\\/det-talande-skaegget-lyser-aater-i-foerbraenda-salen\\\/#respond\"]}]},{\"@type\":\"WebPage\",\"@id\":\"https:\\\/\\\/kalmarslott.se\\\/de\\\/unkategorisiert\\\/det-talande-skaegget-lyser-aater-i-foerbraenda-salen\\\/\",\"url\":\"https:\\\/\\\/kalmarslott.se\\\/de\\\/unkategorisiert\\\/det-talande-skaegget-lyser-aater-i-foerbraenda-salen\\\/\",\"name\":\"Det talande sk\u00e4gget lyser \u00e5ter i F\u00f6rbr\u00e4nda salen - Kalmar Slott\",\"isPartOf\":{\"@id\":\"https:\\\/\\\/kalmarslott.se\\\/de\\\/#website\"},\"primaryImageOfPage\":{\"@id\":\"https:\\\/\\\/kalmarslott.se\\\/de\\\/unkategorisiert\\\/det-talande-skaegget-lyser-aater-i-foerbraenda-salen\\\/#primaryimage\"},\"image\":{\"@id\":\"https:\\\/\\\/kalmarslott.se\\\/de\\\/unkategorisiert\\\/det-talande-skaegget-lyser-aater-i-foerbraenda-salen\\\/#primaryimage\"},\"thumbnailUrl\":\"https:\\\/\\\/kalmarslott.se\\\/wp-content\\\/uploads\\\/2022\\\/12\\\/kalmarslottgustavvasalinus-sandvide-2-scaled.jpg\",\"datePublished\":\"2022-12-14T08:01:23+00:00\",\"dateModified\":\"2022-12-14T08:04:13+00:00\",\"author\":{\"@id\":\"https:\\\/\\\/kalmarslott.se\\\/de\\\/#\\\/schema\\\/person\\\/e663c244350e4cbe90bf38a423c87ce0\"},\"breadcrumb\":{\"@id\":\"https:\\\/\\\/kalmarslott.se\\\/de\\\/unkategorisiert\\\/det-talande-skaegget-lyser-aater-i-foerbraenda-salen\\\/#breadcrumb\"},\"inLanguage\":\"de\",\"potentialAction\":[{\"@type\":\"ReadAction\",\"target\":[\"https:\\\/\\\/kalmarslott.se\\\/de\\\/unkategorisiert\\\/det-talande-skaegget-lyser-aater-i-foerbraenda-salen\\\/\"]}]},{\"@type\":\"ImageObject\",\"inLanguage\":\"de\",\"@id\":\"https:\\\/\\\/kalmarslott.se\\\/de\\\/unkategorisiert\\\/det-talande-skaegget-lyser-aater-i-foerbraenda-salen\\\/#primaryimage\",\"url\":\"https:\\\/\\\/kalmarslott.se\\\/wp-content\\\/uploads\\\/2022\\\/12\\\/kalmarslottgustavvasalinus-sandvide-2-scaled.jpg\",\"contentUrl\":\"https:\\\/\\\/kalmarslott.se\\\/wp-content\\\/uploads\\\/2022\\\/12\\\/kalmarslottgustavvasalinus-sandvide-2-scaled.jpg\",\"width\":2560,\"height\":1707},{\"@type\":\"BreadcrumbList\",\"@id\":\"https:\\\/\\\/kalmarslott.se\\\/de\\\/unkategorisiert\\\/det-talande-skaegget-lyser-aater-i-foerbraenda-salen\\\/#breadcrumb\",\"itemListElement\":[{\"@type\":\"ListItem\",\"position\":1,\"name\":\"Hem\",\"item\":\"https:\\\/\\\/kalmarslott.se\\\/de\\\/\"},{\"@type\":\"ListItem\",\"position\":2,\"name\":\"Det talande sk\u00e4gget lyser \u00e5ter i F\u00f6rbr\u00e4nda salen\"}]},{\"@type\":\"WebSite\",\"@id\":\"https:\\\/\\\/kalmarslott.se\\\/de\\\/#website\",\"url\":\"https:\\\/\\\/kalmarslott.se\\\/de\\\/\",\"name\":\"Kalmar Slott\",\"description\":\"Ett riktigt slott\",\"potentialAction\":[{\"@type\":\"SearchAction\",\"target\":{\"@type\":\"EntryPoint\",\"urlTemplate\":\"https:\\\/\\\/kalmarslott.se\\\/de\\\/?s={search_term_string}\"},\"query-input\":{\"@type\":\"PropertyValueSpecification\",\"valueRequired\":true,\"valueName\":\"search_term_string\"}}],\"inLanguage\":\"de\"},{\"@type\":\"Person\",\"@id\":\"https:\\\/\\\/kalmarslott.se\\\/de\\\/#\\\/schema\\\/person\\\/e663c244350e4cbe90bf38a423c87ce0\",\"name\":\"admin\",\"image\":{\"@type\":\"ImageObject\",\"inLanguage\":\"de\",\"@id\":\"https:\\\/\\\/secure.gravatar.com\\\/avatar\\\/8691a660ed627384fe21a43c014271c9ed906942ee3ab2aa0a9e92684531e9de?s=96&d=mm&r=g\",\"url\":\"https:\\\/\\\/secure.gravatar.com\\\/avatar\\\/8691a660ed627384fe21a43c014271c9ed906942ee3ab2aa0a9e92684531e9de?s=96&d=mm&r=g\",\"contentUrl\":\"https:\\\/\\\/secure.gravatar.com\\\/avatar\\\/8691a660ed627384fe21a43c014271c9ed906942ee3ab2aa0a9e92684531e9de?s=96&d=mm&r=g\",\"caption\":\"admin\"},\"sameAs\":[\"https:\\\/\\\/kalmarslott.se\"],\"url\":\"https:\\\/\\\/kalmarslott.se\\\/de\\\/author\\\/admin\\\/\"}]}<\/script>\n<!-- \/ Yoast SEO plugin. -->","yoast_head_json":{"title":"Det talande sk\u00e4gget lyser \u00e5ter i F\u00f6rbr\u00e4nda salen - Kalmar Slott","robots":{"index":"index","follow":"follow","max-snippet":"max-snippet:-1","max-image-preview":"max-image-preview:large","max-video-preview":"max-video-preview:-1"},"canonical":"https:\/\/kalmarslott.se\/de\/unkategorisiert\/det-talande-skaegget-lyser-aater-i-foerbraenda-salen\/","og_locale":"de_DE","og_type":"article","og_title":"Det talande sk\u00e4gget lyser \u00e5ter i F\u00f6rbr\u00e4nda salen - Kalmar Slott","og_description":"Den 8 december \u00f6ppnade vinterutst\u00e4llningen Gustav Vasa talar ur sk\u00e4gget, en utst\u00e4llning om makt. Utst\u00e4llningen vill ge en nyanserad bild av landsfadern, och en uppdaterad version av den de flesta l\u00e4st i historieb\u00f6ckerna, allt enligt de senaste decenniernas historieforskning. N\u00e4sta \u00e5r, 2023, blir ett historiskt \u00e5r f\u00f6r Sverige. Det \u00e4r 500-\u00e5rsjubileet av Gustav Vasas tilltr\u00e4de [&hellip;]","og_url":"https:\/\/kalmarslott.se\/de\/unkategorisiert\/det-talande-skaegget-lyser-aater-i-foerbraenda-salen\/","og_site_name":"Kalmar Slott","article_published_time":"2022-12-14T08:01:23+00:00","article_modified_time":"2022-12-14T08:04:13+00:00","og_image":[{"width":2560,"height":1707,"url":"https:\/\/kalmarslott.se\/wp-content\/uploads\/2022\/12\/kalmarslottgustavvasalinus-sandvide-2-scaled.jpg","type":"image\/jpeg"}],"author":"admin","twitter_card":"summary_large_image","twitter_misc":{"Verfasst von":"admin","Gesch\u00e4tzte Lesezeit":"3\u00a0Minuten"},"schema":{"@context":"https:\/\/schema.org","@graph":[{"@type":"Article","@id":"https:\/\/kalmarslott.se\/de\/unkategorisiert\/det-talande-skaegget-lyser-aater-i-foerbraenda-salen\/#article","isPartOf":{"@id":"https:\/\/kalmarslott.se\/de\/unkategorisiert\/det-talande-skaegget-lyser-aater-i-foerbraenda-salen\/"},"author":{"name":"admin","@id":"https:\/\/kalmarslott.se\/de\/#\/schema\/person\/e663c244350e4cbe90bf38a423c87ce0"},"headline":"Det talande sk\u00e4gget lyser \u00e5ter i F\u00f6rbr\u00e4nda salen","datePublished":"2022-12-14T08:01:23+00:00","dateModified":"2022-12-14T08:04:13+00:00","mainEntityOfPage":{"@id":"https:\/\/kalmarslott.se\/de\/unkategorisiert\/det-talande-skaegget-lyser-aater-i-foerbraenda-salen\/"},"wordCount":498,"commentCount":0,"image":{"@id":"https:\/\/kalmarslott.se\/de\/unkategorisiert\/det-talande-skaegget-lyser-aater-i-foerbraenda-salen\/#primaryimage"},"thumbnailUrl":"https:\/\/kalmarslott.se\/wp-content\/uploads\/2022\/12\/kalmarslottgustavvasalinus-sandvide-2-scaled.jpg","articleSection":["Unkategorisiert"],"inLanguage":"de","potentialAction":[{"@type":"CommentAction","name":"Comment","target":["https:\/\/kalmarslott.se\/de\/unkategorisiert\/det-talande-skaegget-lyser-aater-i-foerbraenda-salen\/#respond"]}]},{"@type":"WebPage","@id":"https:\/\/kalmarslott.se\/de\/unkategorisiert\/det-talande-skaegget-lyser-aater-i-foerbraenda-salen\/","url":"https:\/\/kalmarslott.se\/de\/unkategorisiert\/det-talande-skaegget-lyser-aater-i-foerbraenda-salen\/","name":"Det talande sk\u00e4gget lyser \u00e5ter i F\u00f6rbr\u00e4nda salen - Kalmar Slott","isPartOf":{"@id":"https:\/\/kalmarslott.se\/de\/#website"},"primaryImageOfPage":{"@id":"https:\/\/kalmarslott.se\/de\/unkategorisiert\/det-talande-skaegget-lyser-aater-i-foerbraenda-salen\/#primaryimage"},"image":{"@id":"https:\/\/kalmarslott.se\/de\/unkategorisiert\/det-talande-skaegget-lyser-aater-i-foerbraenda-salen\/#primaryimage"},"thumbnailUrl":"https:\/\/kalmarslott.se\/wp-content\/uploads\/2022\/12\/kalmarslottgustavvasalinus-sandvide-2-scaled.jpg","datePublished":"2022-12-14T08:01:23+00:00","dateModified":"2022-12-14T08:04:13+00:00","author":{"@id":"https:\/\/kalmarslott.se\/de\/#\/schema\/person\/e663c244350e4cbe90bf38a423c87ce0"},"breadcrumb":{"@id":"https:\/\/kalmarslott.se\/de\/unkategorisiert\/det-talande-skaegget-lyser-aater-i-foerbraenda-salen\/#breadcrumb"},"inLanguage":"de","potentialAction":[{"@type":"ReadAction","target":["https:\/\/kalmarslott.se\/de\/unkategorisiert\/det-talande-skaegget-lyser-aater-i-foerbraenda-salen\/"]}]},{"@type":"ImageObject","inLanguage":"de","@id":"https:\/\/kalmarslott.se\/de\/unkategorisiert\/det-talande-skaegget-lyser-aater-i-foerbraenda-salen\/#primaryimage","url":"https:\/\/kalmarslott.se\/wp-content\/uploads\/2022\/12\/kalmarslottgustavvasalinus-sandvide-2-scaled.jpg","contentUrl":"https:\/\/kalmarslott.se\/wp-content\/uploads\/2022\/12\/kalmarslottgustavvasalinus-sandvide-2-scaled.jpg","width":2560,"height":1707},{"@type":"BreadcrumbList","@id":"https:\/\/kalmarslott.se\/de\/unkategorisiert\/det-talande-skaegget-lyser-aater-i-foerbraenda-salen\/#breadcrumb","itemListElement":[{"@type":"ListItem","position":1,"name":"Hem","item":"https:\/\/kalmarslott.se\/de\/"},{"@type":"ListItem","position":2,"name":"Det talande sk\u00e4gget lyser \u00e5ter i F\u00f6rbr\u00e4nda salen"}]},{"@type":"WebSite","@id":"https:\/\/kalmarslott.se\/de\/#website","url":"https:\/\/kalmarslott.se\/de\/","name":"Kalmar Slott","description":"Ett riktigt slott","potentialAction":[{"@type":"SearchAction","target":{"@type":"EntryPoint","urlTemplate":"https:\/\/kalmarslott.se\/de\/?s={search_term_string}"},"query-input":{"@type":"PropertyValueSpecification","valueRequired":true,"valueName":"search_term_string"}}],"inLanguage":"de"},{"@type":"Person","@id":"https:\/\/kalmarslott.se\/de\/#\/schema\/person\/e663c244350e4cbe90bf38a423c87ce0","name":"admin","image":{"@type":"ImageObject","inLanguage":"de","@id":"https:\/\/secure.gravatar.com\/avatar\/8691a660ed627384fe21a43c014271c9ed906942ee3ab2aa0a9e92684531e9de?s=96&d=mm&r=g","url":"https:\/\/secure.gravatar.com\/avatar\/8691a660ed627384fe21a43c014271c9ed906942ee3ab2aa0a9e92684531e9de?s=96&d=mm&r=g","contentUrl":"https:\/\/secure.gravatar.com\/avatar\/8691a660ed627384fe21a43c014271c9ed906942ee3ab2aa0a9e92684531e9de?s=96&d=mm&r=g","caption":"admin"},"sameAs":["https:\/\/kalmarslott.se"],"url":"https:\/\/kalmarslott.se\/de\/author\/admin\/"}]}},"_links":{"self":[{"href":"https:\/\/kalmarslott.se\/de\/wp-json\/wp\/v2\/posts\/5526","targetHints":{"allow":["GET"]}}],"collection":[{"href":"https:\/\/kalmarslott.se\/de\/wp-json\/wp\/v2\/posts"}],"about":[{"href":"https:\/\/kalmarslott.se\/de\/wp-json\/wp\/v2\/types\/post"}],"author":[{"embeddable":true,"href":"https:\/\/kalmarslott.se\/de\/wp-json\/wp\/v2\/users\/1"}],"replies":[{"embeddable":true,"href":"https:\/\/kalmarslott.se\/de\/wp-json\/wp\/v2\/comments?post=5526"}],"version-history":[{"count":3,"href":"https:\/\/kalmarslott.se\/de\/wp-json\/wp\/v2\/posts\/5526\/revisions"}],"predecessor-version":[{"id":5532,"href":"https:\/\/kalmarslott.se\/de\/wp-json\/wp\/v2\/posts\/5526\/revisions\/5532"}],"wp:featuredmedia":[{"embeddable":true,"href":"https:\/\/kalmarslott.se\/de\/wp-json\/wp\/v2\/media\/5528"}],"wp:attachment":[{"href":"https:\/\/kalmarslott.se\/de\/wp-json\/wp\/v2\/media?parent=5526"}],"wp:term":[{"taxonomy":"category","embeddable":true,"href":"https:\/\/kalmarslott.se\/de\/wp-json\/wp\/v2\/categories?post=5526"},{"taxonomy":"post_tag","embeddable":true,"href":"https:\/\/kalmarslott.se\/de\/wp-json\/wp\/v2\/tags?post=5526"}],"curies":[{"name":"wp","href":"https:\/\/api.w.org\/{rel}","templated":true}]}}