{"id":4826,"date":"2022-09-26T20:29:57","date_gmt":"2022-09-26T18:29:57","guid":{"rendered":"https:\/\/kalmarslott.se\/?p=4826"},"modified":"2022-09-29T09:38:55","modified_gmt":"2022-09-29T07:38:55","slug":"h-k-h-kronprinsessan-victoria-narvarar-vid-firandet-av-olandsbron-50-ar","status":"publish","type":"post","link":"https:\/\/kalmarslott.se\/da\/nyheter\/h-k-h-kronprinsessan-victoria-narvarar-vid-firandet-av-olandsbron-50-ar\/","title":{"rendered":"H.K.H Kronprinsessan Victoria n\u00e4rvarar vid firandet av \u00d6landsbron 50 \u00e5r"},"content":{"rendered":"<p><strong>P\u00e5 fredag \u00e4r det dags att fira \u00e5rets stoltaste 50-\u00e5ring \u2013 \u00d6landsbron! Jubilaren uppm\u00e4rksammas som sig b\u00f6r p\u00e5 b\u00e5da sidorna av sundet, f\u00f6rst p\u00e5 Kalmar Slott och d\u00e4refter p\u00e5 Hamnplan i F\u00e4rjestaden. Vid firandet n\u00e4rvarar H.K.H. Kronprinsessan Victoria.<\/strong><\/p>\n<p>Startskottet f\u00f6r f\u00f6delsedagsfesten g\u00e5r p\u00e5 Kalmar Slott, d\u00e4r det blir inledande tal, nostalgitr\u00e4ff med fordon fr\u00e5n 1972 och m\u00f6jlighet att se slottets fotoutst\u00e4llning om \u00d6landsbron. Klockan 13.30 v\u00e4lkomnas allm\u00e4nheten till Kalmar Slotts inre borgg\u00e5rd, d\u00e4r \u00e4ven H.K.H. Kronprinsessan Victoria kommer att n\u00e4rvara. Det blir f\u00f6delsedagsfanfar och samtal om brons betydelse d\u00e5 som nu.<\/p>\n<p>Fartyget Solsund kryssar flera g\u00e5nger under dagen \u00f6ver sundet med tillh\u00f6rande guidning om \u00d6landsbron. P\u00e5 Hamnplan i F\u00e4rjestaden v\u00e4ntar under eftermiddagen ett digert schema med eldshow, gatuteater, konstutst\u00e4llning av skolornas elever, konserter med lokala artister, m\u00f6jlighet att se bron fr\u00e5n ovan i luftballong och mycket mer. Kronprinsessan Victoria kommer att bes\u00f6ka firandet vid Hamnplan i F\u00e4rjestaden d\u00e5 hon invigningstalar fr\u00e5n scenen.<\/p>\n<p>-Det k\u00e4nns fantastiskt roligt att kungahuset och H.K.H. Kronprinsessan Victoria v\u00e4ljer att n\u00e4rvara vid \u00d6landsbrons 50-\u00e5rsfirande. Det visar hur viktig v\u00e5r bro har varit, och forts\u00e4tter vara, f\u00f6r hela v\u00e5r region, s\u00e4ger Johan Persson, kommunstyrelsens ordf\u00f6rande i Kalmar kommun.<\/p>\n<p>-Kungafamiljen \u00e4r viktiga ambassad\u00f6rer f\u00f6r Sverige och i synnerhet f\u00f6r \u00d6land med tanke p\u00e5 deras engagemang h\u00e4r p\u00e5 \u00f6n. H.M. Konung Carl XVI Gustaf\u00a0invigde bron f\u00f6r 50 \u00e5r sedan och nu inviger H.K.H. Kronprinsessan Victoria 50-\u00e5rsfirandet. Det finns en fin symbolik i det, s\u00e4ger Matilda W\u00e4renfalk, kommunalr\u00e5d M\u00f6rbyl\u00e5nga kommun.<\/p>\n<p>-Otroligt gl\u00e4djande att H.K.H. Kronprinsessan Victoria kommer att inviga firandet. Vi \u00e4r v\u00e4ldigt n\u00f6jda och stolta \u00f6ver inneh\u00e5llet f\u00f6r 50-\u00e5rsfirandet, och detta blir pricken \u00f6ver i, s\u00e4ger Ilko Corkovic, kommunalr\u00e5d Borgholms kommun.<\/p>\n<p>Firandet av \u00d6landsbron \u00e4r ett samarbete mellan kommunerna, Destination Kalmar och \u00d6lands Turismorganisation.<\/p>\n<p>-\u00d6landsbron \u00e4r ett oerh\u00f6rt viktigt landm\u00e4rke, b\u00e5de f\u00f6r fastlandet och f\u00f6r \u00d6land. Det \u00e4r sj\u00e4lvklart att firandet ska vara ett samarbete mellan de b\u00e5da sidorna och vi vill att det ska finnas n\u00e5got f\u00f6r alla. Oavsett \u00e5lder \u00e4r man varmt v\u00e4lkommen att delta i firandet p\u00e5 olika s\u00e4tt! F\u00f6r den som vill kan det bli en riktig heldag, med start p\u00e5 slottet f\u00f6r att sedan \u00e5ka \u00f6ver till \u00d6land och forts\u00e4tta firandet d\u00e4r, s\u00e4ger Joakim Engstrand, projektledare f\u00f6r firandet.<\/p>\n<figure id=\"attachment_4814\" aria-describedby=\"caption-attachment-4814\" style=\"width: 1024px\" class=\"wp-caption alignnone\"><img loading=\"lazy\" decoding=\"async\" class=\"wp-image-4814 size-large\" src=\"https:\/\/kalmarslott.se\/wp-content\/uploads\/2022\/09\/oland-olandsbron-marcuscarlsson-2022-2-1024x767.jpg\" alt=\"\u00d6landsbron 50 \u00e5r\" width=\"1024\" height=\"767\" srcset=\"https:\/\/kalmarslott.se\/wp-content\/uploads\/2022\/09\/oland-olandsbron-marcuscarlsson-2022-2-1024x767.jpg 1024w, https:\/\/kalmarslott.se\/wp-content\/uploads\/2022\/09\/oland-olandsbron-marcuscarlsson-2022-2-300x225.jpg 300w, https:\/\/kalmarslott.se\/wp-content\/uploads\/2022\/09\/oland-olandsbron-marcuscarlsson-2022-2-768x575.jpg 768w, https:\/\/kalmarslott.se\/wp-content\/uploads\/2022\/09\/oland-olandsbron-marcuscarlsson-2022-2-1536x1150.jpg 1536w, https:\/\/kalmarslott.se\/wp-content\/uploads\/2022\/09\/oland-olandsbron-marcuscarlsson-2022-2-2048x1534.jpg 2048w, https:\/\/kalmarslott.se\/wp-content\/uploads\/2022\/09\/oland-olandsbron-marcuscarlsson-2022-2-600x450.jpg 600w\" sizes=\"auto, (max-width: 1024px) 100vw, 1024px\" \/><figcaption id=\"caption-attachment-4814\" class=\"wp-caption-text\">Foto: Marcus Carlsson<\/figcaption><\/figure>\n<p>&nbsp;<\/p>\n<p><strong>Program f\u00f6r firandet av \u00d6landsbron den 30 september<\/strong><\/p>\n<p><strong>I Kalmar och omr\u00e5det runt Kalmar Slott<\/strong><\/p>\n<p>12.00\u201313.30<br \/>\nUnder h\u00f6sten visar Kalmar Slott en fotoutst\u00e4llning med bilder fr\u00e5n tiden n\u00e4r \u00d6landsbron byggdes och invigdes. Mellan klockan 12.00 och 13.30 p\u00e5 jubileumsdagen kan bes\u00f6karna k\u00f6pa entr\u00e9 enbart till utst\u00e4llningen om \u00d6landsbron (50 kronor f\u00f6r att fira 50-\u00e5ringen). P\u00e5 plats finns utst\u00e4llningsproducent Theo H\u00e5kansson.<\/p>\n<p>13.00<br \/>\nNostalgitr\u00e4ff med veteranfordon fr\u00e5n 1972 utanf\u00f6r Kalmar Slott. Fordonen l\u00e4mnar Kalmar klockan 15 och \u00e5ker mot n\u00e4sta uppvisningstr\u00e4ff som h\u00e5lls p\u00e5 Hamnplan i F\u00e4rjestaden.<\/p>\n<p>13.30<br \/>\nFirandet \u00f6ppnas p\u00e5 Kalmar Slotts inre borgg\u00e5rd. Jubileumstrumpetaren Magnus Gustafsson spelar en f\u00f6delsedagsfanfar f\u00f6r bron. Slottschef Meg N\u00f6mg\u00e5rd intervjuar ett antal personer om deras personliga koppling till \u00d6landsbron.<\/p>\n<p>H.K.H, Kronprinsessan Victoria n\u00e4rvarar. *<\/p>\n<p>ca 14.45<\/p>\n<p>Avresa mot Hamnplan i F\u00e4rjestaden. Kronprinsessan Victoria \u00e5ker \u00f6ver \u00d6landsbron i en Volvo PV Sport, samma modell som Konungen \u00e5kte i vid invigningen 1972.<\/p>\n<p><strong>Sightseeingturer till \u00d6landsbron<\/strong><\/p>\n<p>12.30\u201319.00<br \/>\nMS Solsund turar mellan F\u00e4rjestaden, \u00d6landsbron och Kalmar. Guidning om brons historia ombord. R\u00e4kmackor och dryck finns att k\u00f6pa i serveringen.<\/p>\n<p><strong>P\u00e5 Hamnplan i F\u00e4rjestaden<\/strong><\/p>\n<p>14.00\u201322:45<br \/>\nHop on Hop off-buss mellan F\u00e4rjestaden och Kastl\u00f6sa.<\/p>\n<p>14.00\u201318.00<br \/>\nLuftballongturer med utsikt \u00f6ver \u00d6landsbron<\/p>\n<p>16.30<\/p>\n<p>H\u00f6gtidstal av H.K.H. Kronprinsessan Victoria p\u00e5 scenen vid Hamnplan i F\u00e4rjestaden.*<\/p>\n<p>Lennart Palm, som \u00e4r konferencier f\u00f6r dagen, ber\u00e4ttar kuriosa om \u00d6landsbron och intervjuar personer om brons betydelse.<\/p>\n<p>17.30\u201318.00<br \/>\nGatucirkus f\u00f6r hela familjen.<\/p>\n<p>18.00<br \/>\nFotbollsmatch mellan Kalmar FF Oldboys och F\u00e4rjestaden GOIF:s flick- och pojklag f\u00f6dda 2011.<\/p>\n<p>19.00<br \/>\nEldinstallation och eldshow.<\/p>\n<p>Livemusik med de lokala artisterna Effy och Ad\u00e9e.<\/p>\n<p><em>*Exakta tider f\u00f6r H.K.H. Kronprinsessan Victorias deltagande kan komma att justeras.<\/em><\/p>\n<p><strong>\u00a0<\/strong><\/p>\n<p><strong>Aktiviteter som erbjuds under hela dagen: <\/strong><\/p>\n<p>Vid Hamnplan i F\u00e4rjestaden kommer det visas citat och ber\u00e4ttelser fr\u00e5n bes\u00f6kare och lokalbefolkning om \u00d6landsbron.<\/p>\n<p>P\u00e5 f\u00e4rjan Kalmarsund VIII kan du ta del av en utst\u00e4llning av skolklasser fr\u00e5n \u00d6land som st\u00e4ller ut sina tolkningar av \u00d6landsbron. H\u00e4r visas \u00e4ven gamla foton fr\u00e5n \u00d6landsbron, samt filmen Kalmarsundsbolaget (20 min). F\u00e4rjans servering \u00e4r \u00f6ppen f\u00f6r fika.<\/p>\n<p>Fredriks Br\u00f6d &amp; Bakverk kommer att s\u00e4lja en \u00d6landsbrobakelse, speciellt framtagen f\u00f6r firandet.<\/p>\n<p>I tr\u00e4dg\u00e5rden hos Lotta &amp; Mary kan barnen skapa i lera med temat \u201dBygga broar\u201d.<\/p>\n<p>\u00d6lands Turismorganisation kommer att s\u00e4lja jubileumsposters med fem \u00d6landsbromotiv i tio exemplar vardera f\u00f6r att hedra brons f\u00f6delsedag.<\/p>\n<p>&nbsp;<\/p>\n<p>L\u00e4s mer om firandet h\u00e4r:<\/p>\n<p><a href=\"https:\/\/www.oland.se\/sv\/olandsbron-50ar\">https:\/\/www.oland.se\/sv\/olandsbron-50ar<\/a><\/p>\n<p><a href=\"https:\/\/kalmar.com\/evenemang\/evenemang\/2022-09-07-olandsbron-50-ar.html\">https:\/\/kalmar.com\/evenemang\/evenemang\/2022-09-07-olandsbron-50-ar.html<\/a><\/p>\n<p>&nbsp;<\/p>\n<p>&nbsp;<\/p>\n<p><strong>F\u00f6r mer information, kontakta:<\/strong><\/p>\n<p>Emelie Nilsson, marknadskommunikat\u00f6r, Kalmar Slott<br \/>\ne-post: <a href=\"mailto:%20emelie.nilsson@kalmar.com\">emelie.nilsson@kalmar.com<\/a>, tel: <a href=\"tel:0480-453406\">0480-45 34 06<\/a><\/p>\n<p>Kontakta oss g\u00e4rna om du vill boka in en intervju med n\u00e5gon av personerna som finns p\u00e5 plats vid firandet i Kalmar eller p\u00e5 \u00d6land.<\/p>\n","protected":false},"excerpt":{"rendered":"<p>P\u00e5 fredag \u00e4r det dags att fira \u00e5rets stoltaste 50-\u00e5ring \u2013 \u00d6landsbron! Jubilaren uppm\u00e4rksammas som sig b\u00f6r p\u00e5 b\u00e5da sidorna av sundet, f\u00f6rst p\u00e5 Kalmar Slott och d\u00e4refter p\u00e5 Hamnplan i F\u00e4rjestaden. Vid firandet n\u00e4rvarar H.K.H. Kronprinsessan Victoria. Startskottet f\u00f6r f\u00f6delsedagsfesten g\u00e5r p\u00e5 Kalmar Slott, d\u00e4r det blir inledande tal, nostalgitr\u00e4ff med fordon fr\u00e5n 1972 [&hellip;]<\/p>\n","protected":false},"author":1,"featured_media":4814,"comment_status":"open","ping_status":"open","sticky":false,"template":"","format":"standard","meta":{"_acf_changed":false,"footnotes":""},"categories":[1],"tags":[],"class_list":["post-4826","post","type-post","status-publish","format-standard","has-post-thumbnail","hentry","category-nyheter"],"acf":[],"yoast_head":"<!-- This site is optimized with the Yoast SEO plugin v27.5 - https:\/\/yoast.com\/product\/yoast-seo-wordpress\/ -->\n<title>H.K.H Kronprinsessan Victoria n\u00e4rvarar vid firandet av \u00d6landsbron 50 \u00e5r - Kalmar Slott<\/title>\n<meta name=\"robots\" content=\"index, follow, max-snippet:-1, max-image-preview:large, max-video-preview:-1\" \/>\n<link rel=\"canonical\" href=\"https:\/\/kalmarslott.se\/da\/nyheter\/h-k-h-kronprinsessan-victoria-narvarar-vid-firandet-av-olandsbron-50-ar\/\" \/>\n<meta property=\"og:locale\" content=\"da_DK\" \/>\n<meta property=\"og:type\" content=\"article\" \/>\n<meta property=\"og:title\" content=\"H.K.H Kronprinsessan Victoria n\u00e4rvarar vid firandet av \u00d6landsbron 50 \u00e5r - Kalmar Slott\" \/>\n<meta property=\"og:description\" content=\"P\u00e5 fredag \u00e4r det dags att fira \u00e5rets stoltaste 50-\u00e5ring \u2013 \u00d6landsbron! Jubilaren uppm\u00e4rksammas som sig b\u00f6r p\u00e5 b\u00e5da sidorna av sundet, f\u00f6rst p\u00e5 Kalmar Slott och d\u00e4refter p\u00e5 Hamnplan i F\u00e4rjestaden. Vid firandet n\u00e4rvarar H.K.H. Kronprinsessan Victoria. Startskottet f\u00f6r f\u00f6delsedagsfesten g\u00e5r p\u00e5 Kalmar Slott, d\u00e4r det blir inledande tal, nostalgitr\u00e4ff med fordon fr\u00e5n 1972 [&hellip;]\" \/>\n<meta property=\"og:url\" content=\"https:\/\/kalmarslott.se\/da\/nyheter\/h-k-h-kronprinsessan-victoria-narvarar-vid-firandet-av-olandsbron-50-ar\/\" \/>\n<meta property=\"og:site_name\" content=\"Kalmar Slott\" \/>\n<meta property=\"article:published_time\" content=\"2022-09-26T18:29:57+00:00\" \/>\n<meta property=\"article:modified_time\" content=\"2022-09-29T07:38:55+00:00\" \/>\n<meta property=\"og:image\" content=\"https:\/\/kalmarslott.se\/wp-content\/uploads\/2022\/09\/oland-olandsbron-marcuscarlsson-2022-2-scaled.jpg\" \/>\n\t<meta property=\"og:image:width\" content=\"2560\" \/>\n\t<meta property=\"og:image:height\" content=\"1917\" \/>\n\t<meta property=\"og:image:type\" content=\"image\/jpeg\" \/>\n<meta name=\"author\" content=\"admin\" \/>\n<meta name=\"twitter:card\" content=\"summary_large_image\" \/>\n<meta name=\"twitter:label1\" content=\"Skrevet af\" \/>\n\t<meta name=\"twitter:data1\" content=\"admin\" \/>\n\t<meta name=\"twitter:label2\" content=\"Estimeret l\u00e6setid\" \/>\n\t<meta name=\"twitter:data2\" content=\"5 minutter\" \/>\n<script type=\"application\/ld+json\" class=\"yoast-schema-graph\">{\"@context\":\"https:\\\/\\\/schema.org\",\"@graph\":[{\"@type\":\"Article\",\"@id\":\"https:\\\/\\\/kalmarslott.se\\\/da\\\/nyheter\\\/h-k-h-kronprinsessan-victoria-narvarar-vid-firandet-av-olandsbron-50-ar\\\/#article\",\"isPartOf\":{\"@id\":\"https:\\\/\\\/kalmarslott.se\\\/da\\\/nyheter\\\/h-k-h-kronprinsessan-victoria-narvarar-vid-firandet-av-olandsbron-50-ar\\\/\"},\"author\":{\"name\":\"admin\",\"@id\":\"https:\\\/\\\/kalmarslott.se\\\/da\\\/#\\\/schema\\\/person\\\/e663c244350e4cbe90bf38a423c87ce0\"},\"headline\":\"H.K.H Kronprinsessan Victoria n\u00e4rvarar vid firandet av \u00d6landsbron 50 \u00e5r\",\"datePublished\":\"2022-09-26T18:29:57+00:00\",\"dateModified\":\"2022-09-29T07:38:55+00:00\",\"mainEntityOfPage\":{\"@id\":\"https:\\\/\\\/kalmarslott.se\\\/da\\\/nyheter\\\/h-k-h-kronprinsessan-victoria-narvarar-vid-firandet-av-olandsbron-50-ar\\\/\"},\"wordCount\":963,\"commentCount\":0,\"image\":{\"@id\":\"https:\\\/\\\/kalmarslott.se\\\/da\\\/nyheter\\\/h-k-h-kronprinsessan-victoria-narvarar-vid-firandet-av-olandsbron-50-ar\\\/#primaryimage\"},\"thumbnailUrl\":\"https:\\\/\\\/kalmarslott.se\\\/wp-content\\\/uploads\\\/2022\\\/09\\\/oland-olandsbron-marcuscarlsson-2022-2-scaled.jpg\",\"articleSection\":[\"Nyheter\"],\"inLanguage\":\"da-DK\",\"potentialAction\":[{\"@type\":\"CommentAction\",\"name\":\"Comment\",\"target\":[\"https:\\\/\\\/kalmarslott.se\\\/da\\\/nyheter\\\/h-k-h-kronprinsessan-victoria-narvarar-vid-firandet-av-olandsbron-50-ar\\\/#respond\"]}]},{\"@type\":\"WebPage\",\"@id\":\"https:\\\/\\\/kalmarslott.se\\\/da\\\/nyheter\\\/h-k-h-kronprinsessan-victoria-narvarar-vid-firandet-av-olandsbron-50-ar\\\/\",\"url\":\"https:\\\/\\\/kalmarslott.se\\\/da\\\/nyheter\\\/h-k-h-kronprinsessan-victoria-narvarar-vid-firandet-av-olandsbron-50-ar\\\/\",\"name\":\"H.K.H Kronprinsessan Victoria n\u00e4rvarar vid firandet av \u00d6landsbron 50 \u00e5r - Kalmar Slott\",\"isPartOf\":{\"@id\":\"https:\\\/\\\/kalmarslott.se\\\/da\\\/#website\"},\"primaryImageOfPage\":{\"@id\":\"https:\\\/\\\/kalmarslott.se\\\/da\\\/nyheter\\\/h-k-h-kronprinsessan-victoria-narvarar-vid-firandet-av-olandsbron-50-ar\\\/#primaryimage\"},\"image\":{\"@id\":\"https:\\\/\\\/kalmarslott.se\\\/da\\\/nyheter\\\/h-k-h-kronprinsessan-victoria-narvarar-vid-firandet-av-olandsbron-50-ar\\\/#primaryimage\"},\"thumbnailUrl\":\"https:\\\/\\\/kalmarslott.se\\\/wp-content\\\/uploads\\\/2022\\\/09\\\/oland-olandsbron-marcuscarlsson-2022-2-scaled.jpg\",\"datePublished\":\"2022-09-26T18:29:57+00:00\",\"dateModified\":\"2022-09-29T07:38:55+00:00\",\"author\":{\"@id\":\"https:\\\/\\\/kalmarslott.se\\\/da\\\/#\\\/schema\\\/person\\\/e663c244350e4cbe90bf38a423c87ce0\"},\"breadcrumb\":{\"@id\":\"https:\\\/\\\/kalmarslott.se\\\/da\\\/nyheter\\\/h-k-h-kronprinsessan-victoria-narvarar-vid-firandet-av-olandsbron-50-ar\\\/#breadcrumb\"},\"inLanguage\":\"da-DK\",\"potentialAction\":[{\"@type\":\"ReadAction\",\"target\":[\"https:\\\/\\\/kalmarslott.se\\\/da\\\/nyheter\\\/h-k-h-kronprinsessan-victoria-narvarar-vid-firandet-av-olandsbron-50-ar\\\/\"]}]},{\"@type\":\"ImageObject\",\"inLanguage\":\"da-DK\",\"@id\":\"https:\\\/\\\/kalmarslott.se\\\/da\\\/nyheter\\\/h-k-h-kronprinsessan-victoria-narvarar-vid-firandet-av-olandsbron-50-ar\\\/#primaryimage\",\"url\":\"https:\\\/\\\/kalmarslott.se\\\/wp-content\\\/uploads\\\/2022\\\/09\\\/oland-olandsbron-marcuscarlsson-2022-2-scaled.jpg\",\"contentUrl\":\"https:\\\/\\\/kalmarslott.se\\\/wp-content\\\/uploads\\\/2022\\\/09\\\/oland-olandsbron-marcuscarlsson-2022-2-scaled.jpg\",\"width\":2560,\"height\":1917,\"caption\":\"\u00d6landsbron 50 \u00e5r\"},{\"@type\":\"BreadcrumbList\",\"@id\":\"https:\\\/\\\/kalmarslott.se\\\/da\\\/nyheter\\\/h-k-h-kronprinsessan-victoria-narvarar-vid-firandet-av-olandsbron-50-ar\\\/#breadcrumb\",\"itemListElement\":[{\"@type\":\"ListItem\",\"position\":1,\"name\":\"Hem\",\"item\":\"https:\\\/\\\/kalmarslott.se\\\/da\\\/\"},{\"@type\":\"ListItem\",\"position\":2,\"name\":\"H.K.H Kronprinsessan Victoria n\u00e4rvarar vid firandet av \u00d6landsbron 50 \u00e5r\"}]},{\"@type\":\"WebSite\",\"@id\":\"https:\\\/\\\/kalmarslott.se\\\/da\\\/#website\",\"url\":\"https:\\\/\\\/kalmarslott.se\\\/da\\\/\",\"name\":\"Kalmar Slott\",\"description\":\"Ett riktigt slott\",\"potentialAction\":[{\"@type\":\"SearchAction\",\"target\":{\"@type\":\"EntryPoint\",\"urlTemplate\":\"https:\\\/\\\/kalmarslott.se\\\/da\\\/?s={search_term_string}\"},\"query-input\":{\"@type\":\"PropertyValueSpecification\",\"valueRequired\":true,\"valueName\":\"search_term_string\"}}],\"inLanguage\":\"da-DK\"},{\"@type\":\"Person\",\"@id\":\"https:\\\/\\\/kalmarslott.se\\\/da\\\/#\\\/schema\\\/person\\\/e663c244350e4cbe90bf38a423c87ce0\",\"name\":\"admin\",\"image\":{\"@type\":\"ImageObject\",\"inLanguage\":\"da-DK\",\"@id\":\"https:\\\/\\\/secure.gravatar.com\\\/avatar\\\/8691a660ed627384fe21a43c014271c9ed906942ee3ab2aa0a9e92684531e9de?s=96&d=mm&r=g\",\"url\":\"https:\\\/\\\/secure.gravatar.com\\\/avatar\\\/8691a660ed627384fe21a43c014271c9ed906942ee3ab2aa0a9e92684531e9de?s=96&d=mm&r=g\",\"contentUrl\":\"https:\\\/\\\/secure.gravatar.com\\\/avatar\\\/8691a660ed627384fe21a43c014271c9ed906942ee3ab2aa0a9e92684531e9de?s=96&d=mm&r=g\",\"caption\":\"admin\"},\"sameAs\":[\"https:\\\/\\\/kalmarslott.se\"],\"url\":\"https:\\\/\\\/kalmarslott.se\\\/da\\\/author\\\/admin\\\/\"}]}<\/script>\n<!-- \/ Yoast SEO plugin. -->","yoast_head_json":{"title":"H.K.H Kronprinsessan Victoria n\u00e4rvarar vid firandet av \u00d6landsbron 50 \u00e5r - Kalmar Slott","robots":{"index":"index","follow":"follow","max-snippet":"max-snippet:-1","max-image-preview":"max-image-preview:large","max-video-preview":"max-video-preview:-1"},"canonical":"https:\/\/kalmarslott.se\/da\/nyheter\/h-k-h-kronprinsessan-victoria-narvarar-vid-firandet-av-olandsbron-50-ar\/","og_locale":"da_DK","og_type":"article","og_title":"H.K.H Kronprinsessan Victoria n\u00e4rvarar vid firandet av \u00d6landsbron 50 \u00e5r - Kalmar Slott","og_description":"P\u00e5 fredag \u00e4r det dags att fira \u00e5rets stoltaste 50-\u00e5ring \u2013 \u00d6landsbron! Jubilaren uppm\u00e4rksammas som sig b\u00f6r p\u00e5 b\u00e5da sidorna av sundet, f\u00f6rst p\u00e5 Kalmar Slott och d\u00e4refter p\u00e5 Hamnplan i F\u00e4rjestaden. Vid firandet n\u00e4rvarar H.K.H. Kronprinsessan Victoria. Startskottet f\u00f6r f\u00f6delsedagsfesten g\u00e5r p\u00e5 Kalmar Slott, d\u00e4r det blir inledande tal, nostalgitr\u00e4ff med fordon fr\u00e5n 1972 [&hellip;]","og_url":"https:\/\/kalmarslott.se\/da\/nyheter\/h-k-h-kronprinsessan-victoria-narvarar-vid-firandet-av-olandsbron-50-ar\/","og_site_name":"Kalmar Slott","article_published_time":"2022-09-26T18:29:57+00:00","article_modified_time":"2022-09-29T07:38:55+00:00","og_image":[{"width":2560,"height":1917,"url":"https:\/\/kalmarslott.se\/wp-content\/uploads\/2022\/09\/oland-olandsbron-marcuscarlsson-2022-2-scaled.jpg","type":"image\/jpeg"}],"author":"admin","twitter_card":"summary_large_image","twitter_misc":{"Skrevet af":"admin","Estimeret l\u00e6setid":"5 minutter"},"schema":{"@context":"https:\/\/schema.org","@graph":[{"@type":"Article","@id":"https:\/\/kalmarslott.se\/da\/nyheter\/h-k-h-kronprinsessan-victoria-narvarar-vid-firandet-av-olandsbron-50-ar\/#article","isPartOf":{"@id":"https:\/\/kalmarslott.se\/da\/nyheter\/h-k-h-kronprinsessan-victoria-narvarar-vid-firandet-av-olandsbron-50-ar\/"},"author":{"name":"admin","@id":"https:\/\/kalmarslott.se\/da\/#\/schema\/person\/e663c244350e4cbe90bf38a423c87ce0"},"headline":"H.K.H Kronprinsessan Victoria n\u00e4rvarar vid firandet av \u00d6landsbron 50 \u00e5r","datePublished":"2022-09-26T18:29:57+00:00","dateModified":"2022-09-29T07:38:55+00:00","mainEntityOfPage":{"@id":"https:\/\/kalmarslott.se\/da\/nyheter\/h-k-h-kronprinsessan-victoria-narvarar-vid-firandet-av-olandsbron-50-ar\/"},"wordCount":963,"commentCount":0,"image":{"@id":"https:\/\/kalmarslott.se\/da\/nyheter\/h-k-h-kronprinsessan-victoria-narvarar-vid-firandet-av-olandsbron-50-ar\/#primaryimage"},"thumbnailUrl":"https:\/\/kalmarslott.se\/wp-content\/uploads\/2022\/09\/oland-olandsbron-marcuscarlsson-2022-2-scaled.jpg","articleSection":["Nyheter"],"inLanguage":"da-DK","potentialAction":[{"@type":"CommentAction","name":"Comment","target":["https:\/\/kalmarslott.se\/da\/nyheter\/h-k-h-kronprinsessan-victoria-narvarar-vid-firandet-av-olandsbron-50-ar\/#respond"]}]},{"@type":"WebPage","@id":"https:\/\/kalmarslott.se\/da\/nyheter\/h-k-h-kronprinsessan-victoria-narvarar-vid-firandet-av-olandsbron-50-ar\/","url":"https:\/\/kalmarslott.se\/da\/nyheter\/h-k-h-kronprinsessan-victoria-narvarar-vid-firandet-av-olandsbron-50-ar\/","name":"H.K.H Kronprinsessan Victoria n\u00e4rvarar vid firandet av \u00d6landsbron 50 \u00e5r - Kalmar Slott","isPartOf":{"@id":"https:\/\/kalmarslott.se\/da\/#website"},"primaryImageOfPage":{"@id":"https:\/\/kalmarslott.se\/da\/nyheter\/h-k-h-kronprinsessan-victoria-narvarar-vid-firandet-av-olandsbron-50-ar\/#primaryimage"},"image":{"@id":"https:\/\/kalmarslott.se\/da\/nyheter\/h-k-h-kronprinsessan-victoria-narvarar-vid-firandet-av-olandsbron-50-ar\/#primaryimage"},"thumbnailUrl":"https:\/\/kalmarslott.se\/wp-content\/uploads\/2022\/09\/oland-olandsbron-marcuscarlsson-2022-2-scaled.jpg","datePublished":"2022-09-26T18:29:57+00:00","dateModified":"2022-09-29T07:38:55+00:00","author":{"@id":"https:\/\/kalmarslott.se\/da\/#\/schema\/person\/e663c244350e4cbe90bf38a423c87ce0"},"breadcrumb":{"@id":"https:\/\/kalmarslott.se\/da\/nyheter\/h-k-h-kronprinsessan-victoria-narvarar-vid-firandet-av-olandsbron-50-ar\/#breadcrumb"},"inLanguage":"da-DK","potentialAction":[{"@type":"ReadAction","target":["https:\/\/kalmarslott.se\/da\/nyheter\/h-k-h-kronprinsessan-victoria-narvarar-vid-firandet-av-olandsbron-50-ar\/"]}]},{"@type":"ImageObject","inLanguage":"da-DK","@id":"https:\/\/kalmarslott.se\/da\/nyheter\/h-k-h-kronprinsessan-victoria-narvarar-vid-firandet-av-olandsbron-50-ar\/#primaryimage","url":"https:\/\/kalmarslott.se\/wp-content\/uploads\/2022\/09\/oland-olandsbron-marcuscarlsson-2022-2-scaled.jpg","contentUrl":"https:\/\/kalmarslott.se\/wp-content\/uploads\/2022\/09\/oland-olandsbron-marcuscarlsson-2022-2-scaled.jpg","width":2560,"height":1917,"caption":"\u00d6landsbron 50 \u00e5r"},{"@type":"BreadcrumbList","@id":"https:\/\/kalmarslott.se\/da\/nyheter\/h-k-h-kronprinsessan-victoria-narvarar-vid-firandet-av-olandsbron-50-ar\/#breadcrumb","itemListElement":[{"@type":"ListItem","position":1,"name":"Hem","item":"https:\/\/kalmarslott.se\/da\/"},{"@type":"ListItem","position":2,"name":"H.K.H Kronprinsessan Victoria n\u00e4rvarar vid firandet av \u00d6landsbron 50 \u00e5r"}]},{"@type":"WebSite","@id":"https:\/\/kalmarslott.se\/da\/#website","url":"https:\/\/kalmarslott.se\/da\/","name":"Kalmar Slott","description":"Ett riktigt slott","potentialAction":[{"@type":"SearchAction","target":{"@type":"EntryPoint","urlTemplate":"https:\/\/kalmarslott.se\/da\/?s={search_term_string}"},"query-input":{"@type":"PropertyValueSpecification","valueRequired":true,"valueName":"search_term_string"}}],"inLanguage":"da-DK"},{"@type":"Person","@id":"https:\/\/kalmarslott.se\/da\/#\/schema\/person\/e663c244350e4cbe90bf38a423c87ce0","name":"admin","image":{"@type":"ImageObject","inLanguage":"da-DK","@id":"https:\/\/secure.gravatar.com\/avatar\/8691a660ed627384fe21a43c014271c9ed906942ee3ab2aa0a9e92684531e9de?s=96&d=mm&r=g","url":"https:\/\/secure.gravatar.com\/avatar\/8691a660ed627384fe21a43c014271c9ed906942ee3ab2aa0a9e92684531e9de?s=96&d=mm&r=g","contentUrl":"https:\/\/secure.gravatar.com\/avatar\/8691a660ed627384fe21a43c014271c9ed906942ee3ab2aa0a9e92684531e9de?s=96&d=mm&r=g","caption":"admin"},"sameAs":["https:\/\/kalmarslott.se"],"url":"https:\/\/kalmarslott.se\/da\/author\/admin\/"}]}},"_links":{"self":[{"href":"https:\/\/kalmarslott.se\/da\/wp-json\/wp\/v2\/posts\/4826","targetHints":{"allow":["GET"]}}],"collection":[{"href":"https:\/\/kalmarslott.se\/da\/wp-json\/wp\/v2\/posts"}],"about":[{"href":"https:\/\/kalmarslott.se\/da\/wp-json\/wp\/v2\/types\/post"}],"author":[{"embeddable":true,"href":"https:\/\/kalmarslott.se\/da\/wp-json\/wp\/v2\/users\/1"}],"replies":[{"embeddable":true,"href":"https:\/\/kalmarslott.se\/da\/wp-json\/wp\/v2\/comments?post=4826"}],"version-history":[{"count":5,"href":"https:\/\/kalmarslott.se\/da\/wp-json\/wp\/v2\/posts\/4826\/revisions"}],"predecessor-version":[{"id":4845,"href":"https:\/\/kalmarslott.se\/da\/wp-json\/wp\/v2\/posts\/4826\/revisions\/4845"}],"wp:featuredmedia":[{"embeddable":true,"href":"https:\/\/kalmarslott.se\/da\/wp-json\/wp\/v2\/media\/4814"}],"wp:attachment":[{"href":"https:\/\/kalmarslott.se\/da\/wp-json\/wp\/v2\/media?parent=4826"}],"wp:term":[{"taxonomy":"category","embeddable":true,"href":"https:\/\/kalmarslott.se\/da\/wp-json\/wp\/v2\/categories?post=4826"},{"taxonomy":"post_tag","embeddable":true,"href":"https:\/\/kalmarslott.se\/da\/wp-json\/wp\/v2\/tags?post=4826"}],"curies":[{"name":"wp","href":"https:\/\/api.w.org\/{rel}","templated":true}]}}